{"id":3341,"date":"2018-06-27T22:15:38","date_gmt":"2018-06-27T20:15:38","guid":{"rendered":"https:\/\/literarnenoviny.sk\/servis\/?p=3341"},"modified":"2018-07-04T20:08:38","modified_gmt":"2018-07-04T18:08:38","slug":"dekankou-filmovej-a-televiznej-fakulty-vsmu-sa-stala-strihacka-darina-smrzova","status":"publish","type":"post","link":"https:\/\/literarnenoviny.sk\/servis\/dekankou-filmovej-a-televiznej-fakulty-vsmu-sa-stala-strihacka-darina-smrzova\/","title":{"rendered":"Dekankou Filmovej a&nbsp;telev\u00edznej fakulty V\u0160MU sa&nbsp;stala striha\u010dka Darina Smr\u017eov\u00e1"},"content":{"rendered":"<p><strong>Akademick\u00fd sen\u00e1t <a href=\"http:\/\/ftf.vsmu.sk\" rel=\"noopener\" target=\"_blank\">Filmovej a&nbsp;telev\u00edznej fakulty Vysokej \u0161koly m\u00fazick\u00fdch umen\u00ed<\/a> v&nbsp;Bratislave si zvolil nov\u00fa dekanku<\/strong>. Stala sa&nbsp;\u0148ou striha\u010dka Darina Smr\u017eov\u00e1, ktor\u00e1 doteraz viedla Ateli\u00e9r strihovej skladby. Vo&nbsp;funkcii nahrad\u00ed doteraj\u0161ieho dekana Ondreja \u0160ulaja.<\/p>\n<p>Druh\u00fdm kandid\u00e1tom bol Maro\u0161 \u0160lapeta z&nbsp;rovnak\u00e9ho ateli\u00e9ru ako novozvolen\u00e1 dekanka. <\/p>\n<p>Profesorka Darina Smr\u017eov\u00e1 sa&nbsp;narodila 14.&nbsp;febru\u00e1ra 1959 v&nbsp;Bratislave. V&nbsp;roku 1985 ukon\u010dila \u0161t\u00fadium strihovej skladby na&nbsp;pra\u017eskej <a href=\"https:\/\/www.famu.cz\/\" rel=\"noopener\" target=\"_blank\">FAMU<\/a>. Do&nbsp;roku 2003 pracovala v&nbsp;Slovenskej telev\u00edzi\u00ed na&nbsp;r\u00f4znych poz\u00edci\u00e1ch spojen\u00fdch so&nbsp;strihovou skladbou. <\/p>\n<p>Na bratislavskej Filmovej a&nbsp;telev\u00edznej fakulte V\u0160MU pedagogicky p\u00f4sob\u00ed od&nbsp;roku 1993.<\/p>\n<p style=\"text-align: right;\"><small>&mdash;&nbsp;<a href=\"https:\/\/kinecko.dennikn.sk\/filmova-a-televizna-fakulta-vsmu-ma-novu-dekanku\/\" target=\"_blank\">Kine\u010dko<\/a><\/small><\/p>\n","protected":false},"excerpt":{"rendered":"<p>Akademick\u00fd sen\u00e1t Filmovej a&nbsp;telev\u00edznej fakulty Vysokej \u0161koly m\u00fazick\u00fdch umen\u00ed v&nbsp;Bratislave si zvolil nov\u00fa dekanku. Stala sa&nbsp;\u0148ou striha\u010dka Darinu Smr\u017eov\u00e1, ktor\u00e1 doteraz viedla Ateli\u00e9r strihovej skladby. Vo&nbsp;funkcii tak nahrad\u00ed doteraj\u0161ieho dekana Ondreja \u0160ulaja. Druh\u00fdm kandid\u00e1tom bol Maro\u0161 \u0160lapeta z&nbsp;rovnak\u00e9ho ateli\u00e9ru ako novozvolen\u00e1 dekanka.  <a href=\"https:\/\/literarnenoviny.sk\/servis\/dekankou-filmovej-a-televiznej-fakulty-vsmu-sa-stala-strihacka-darina-smrzova\/\" class=\"more-link\">Cel\u00e1 spr\u00e1va <span class=\"meta-nav\">&rarr;<\/span><\/a><\/p>\n","protected":false},"author":2,"featured_media":0,"comment_status":"closed","ping_status":"closed","sticky":false,"template":"","format":"standard","meta":{"_links_to":"","_links_to_target":""},"categories":[1],"tags":[16,33],"_links":{"self":[{"href":"https:\/\/literarnenoviny.sk\/servis\/wp-json\/wp\/v2\/posts\/3341"}],"collection":[{"href":"https:\/\/literarnenoviny.sk\/servis\/wp-json\/wp\/v2\/posts"}],"about":[{"href":"https:\/\/literarnenoviny.sk\/servis\/wp-json\/wp\/v2\/types\/post"}],"author":[{"embeddable":true,"href":"https:\/\/literarnenoviny.sk\/servis\/wp-json\/wp\/v2\/users\/2"}],"replies":[{"embeddable":true,"href":"https:\/\/literarnenoviny.sk\/servis\/wp-json\/wp\/v2\/comments?post=3341"}],"version-history":[{"count":0,"href":"https:\/\/literarnenoviny.sk\/servis\/wp-json\/wp\/v2\/posts\/3341\/revisions"}],"wp:attachment":[{"href":"https:\/\/literarnenoviny.sk\/servis\/wp-json\/wp\/v2\/media?parent=3341"}],"wp:term":[{"taxonomy":"category","embeddable":true,"href":"https:\/\/literarnenoviny.sk\/servis\/wp-json\/wp\/v2\/categories?post=3341"},{"taxonomy":"post_tag","embeddable":true,"href":"https:\/\/literarnenoviny.sk\/servis\/wp-json\/wp\/v2\/tags?post=3341"}],"curies":[{"name":"wp","href":"https:\/\/api.w.org\/{rel}","templated":true}]}}