{"id":3290,"date":"2018-06-26T09:50:39","date_gmt":"2018-06-26T07:50:39","guid":{"rendered":"https:\/\/literarnenoviny.sk\/servis\/?p=3290"},"modified":"2018-06-26T11:28:06","modified_gmt":"2018-06-26T09:28:06","slug":"vydavatel-dennika-n-vstupuje-do-ceska-stoji-pri-vzniku-noveho-digitalneho-dennika","status":"publish","type":"post","link":"https:\/\/literarnenoviny.sk\/servis\/vydavatel-dennika-n-vstupuje-do-ceska-stoji-pri-vzniku-noveho-digitalneho-dennika\/","title":{"rendered":"Vydavate\u013e Denn\u00edka N vstupuje do&nbsp;\u010ceska, stoj\u00ed pri vzniku nov\u00e9ho digit\u00e1lneho denn\u00edka"},"content":{"rendered":"<p><strong>Vydavate\u013e Denn\u00edka N vstupuje na&nbsp;\u010desk\u00fd medi\u00e1lny trh, bude sa&nbsp;podie\u013ea\u0165 na&nbsp;vzniku nov\u00e9ho digit\u00e1lneho m\u00e9dia<\/strong>. Redakciu denn\u00edka, ktor\u00e9ho n\u00e1zov zatia\u013e nie je&nbsp;zn\u00e1my, by mal vies\u0165 b\u00fdval\u00fd \u0161\u00e9fredaktor port\u00e1lu Aktu\u00e1ln\u011b.cz Pavel Tom\u00e1\u0161ek.<\/p>\n<p>Nov\u00fd \u010desk\u00fd denn\u00edk bude aj v&nbsp;klasickej papierovej podobe, prim\u00e1rne sa&nbsp;v\u0161ak chce zamera\u0165 na&nbsp;digit\u00e1lne predplatn\u00e9 a&nbsp;publikovanie na&nbsp;internete. Vych\u00e1dza\u0165 za\u010dne pravdepodobne v&nbsp;okt\u00f3bri.<\/p>\n<p><em>\u201ePosledn\u00e9 dva-tri roky si v&nbsp;\u010cesku st\u00e1le viac \u013eud\u00ed uvedomuje, \u017ee&nbsp;trajekt\u00f3ria krajiny nie je&nbsp;\u0161\u0165astn\u00e1, a&nbsp;prem\u00fd\u0161\u013eaj\u00fa, \u010do&nbsp;s&nbsp;t\u00fdm. Toto je&nbsp;na\u0161a novin\u00e1rska odpove\u010f,\u201c<\/em> uviedol riadite\u013e novovznikajuc\u00e9ho \u010desk\u00e9ho vydavate\u013estva J\u00e1n Simkani\u010d.<\/p>\n<p>Denn\u00edk N bude s&nbsp;nov\u00fdm \u010desk\u00fdm denn\u00edkom <a href=\"https:\/\/dennikn.sk\/1162592\/vydavatel-novych-ceskych-novin-inspirovanych-dennikom-n-chceme-vratit-noviny-k-zavislosti-od-citatelov\/\" rel=\"noopener\" target=\"_blank\">\u00fazko spolupracova\u0165<\/a> a&nbsp;slovensk\u00fd vydavate\u013e bude aj ich spolumajite\u013eom. <\/p>\n<p>K\u013e\u00fa\u010dov\u00fdmi investormi s\u00fa majitelia \u010desk\u00e9ho kni\u017en\u00e9ho vydavate\u013estva <a href=\"http:\/\/www.albatrosmedia.cz\/\" rel=\"noopener\" target=\"_blank\">Albatros Media<\/a> a&nbsp;skupina podnikate\u013eov bl\u00edzka \u010desk\u00e9mu <a href=\"https:\/\/www.nfnz.cz\/\" rel=\"noopener\" target=\"_blank\">Nada\u010dn\u00e9mu fondu nez\u00e1vislej \u017eurnalistiky<\/a>.<\/p>\n<p style=\"text-align: right;\"><small>&mdash;&nbsp;<a href=\"https:\/\/dennikn.sk\/1162720\/dennik-n-vstupuje-do-ceska-stoji-pri-vzniku-noveho-digitalneho-dennika\/\" target=\"_blank\">Denn\u00edk N<\/a><\/small><\/p>\n","protected":false},"excerpt":{"rendered":"<p>Vydavate\u013e Denn\u00edka N vstupuje na&nbsp;\u010desk\u00fd medi\u00e1lny trh, bude sa&nbsp;podie\u013ea\u0165 na&nbsp;vzniku nov\u00e9ho digit\u00e1lneho m\u00e9dia. Redakciu denn\u00edka, ktor\u00e9ho n\u00e1zov zatia\u013e nie je&nbsp;zn\u00e1my, by mal vies\u0165 b\u00fdval\u00fd \u0161\u00e9fredaktor port\u00e1lu Aktu\u00e1ln\u011b.cz Pavel Tom\u00e1\u0161ek. Nov\u00fd \u010desk\u00fd denn\u00edk bude vych\u00e1dza\u0165 aj v&nbsp;klasickej papierovej podobe. <a href=\"https:\/\/literarnenoviny.sk\/servis\/vydavatel-dennika-n-vstupuje-do-ceska-stoji-pri-vzniku-noveho-digitalneho-dennika\/\" class=\"more-link\">Cel\u00e1 spr\u00e1va <span class=\"meta-nav\">&rarr;<\/span><\/a><\/p>\n","protected":false},"author":2,"featured_media":0,"comment_status":"closed","ping_status":"closed","sticky":false,"template":"","format":"standard","meta":{"_links_to":"","_links_to_target":""},"categories":[1],"tags":[33,27],"_links":{"self":[{"href":"https:\/\/literarnenoviny.sk\/servis\/wp-json\/wp\/v2\/posts\/3290"}],"collection":[{"href":"https:\/\/literarnenoviny.sk\/servis\/wp-json\/wp\/v2\/posts"}],"about":[{"href":"https:\/\/literarnenoviny.sk\/servis\/wp-json\/wp\/v2\/types\/post"}],"author":[{"embeddable":true,"href":"https:\/\/literarnenoviny.sk\/servis\/wp-json\/wp\/v2\/users\/2"}],"replies":[{"embeddable":true,"href":"https:\/\/literarnenoviny.sk\/servis\/wp-json\/wp\/v2\/comments?post=3290"}],"version-history":[{"count":0,"href":"https:\/\/literarnenoviny.sk\/servis\/wp-json\/wp\/v2\/posts\/3290\/revisions"}],"wp:attachment":[{"href":"https:\/\/literarnenoviny.sk\/servis\/wp-json\/wp\/v2\/media?parent=3290"}],"wp:term":[{"taxonomy":"category","embeddable":true,"href":"https:\/\/literarnenoviny.sk\/servis\/wp-json\/wp\/v2\/categories?post=3290"},{"taxonomy":"post_tag","embeddable":true,"href":"https:\/\/literarnenoviny.sk\/servis\/wp-json\/wp\/v2\/tags?post=3290"}],"curies":[{"name":"wp","href":"https:\/\/api.w.org\/{rel}","templated":true}]}}