{"id":3283,"date":"2018-06-22T21:30:43","date_gmt":"2018-06-22T19:30:43","guid":{"rendered":"https:\/\/literarnenoviny.sk\/servis\/?p=3283"},"modified":"2018-06-23T23:28:05","modified_gmt":"2018-06-23T21:28:05","slug":"spisovatel-mario-vargas-llosa-bol-po-kratkej-hospitalizacii-prepusteny-z-nemocnice","status":"publish","type":"post","link":"https:\/\/literarnenoviny.sk\/servis\/spisovatel-mario-vargas-llosa-bol-po-kratkej-hospitalizacii-prepusteny-z-nemocnice\/","title":{"rendered":"Spisovate\u013e Mario Vargas Llosa bol po&nbsp;kr\u00e1tkej hospitaliz\u00e1cii prepusten\u00fd z&nbsp;nemocnice"},"content":{"rendered":"<p><strong>Peru\u00e1nsky spisovate\u013e <a href=\"https:\/\/sk.wikipedia.org\/wiki\/Mario_Vargas_Llosa\" rel=\"noopener\" target=\"_blank\">Mario Vargas Llosa<\/a>, ktor\u00e9ho po&nbsp;p\u00e1de vo&nbsp;svojom  dome na&nbsp;jeden de\u0148 hospitalizovali, bol v&nbsp;piatok prepusten\u00fd do&nbsp;dom\u00e1cej lie\u010dby<\/strong>. Uviedli to \u0161panielske nemocni\u010dn\u00e9 zdroje. <\/p>\n<p>Vargas Llosa, ktor\u00fd bol prijat\u00fd na&nbsp;pozorovanie v&nbsp;madridskej nemocnici Ruber Juan Bravo so&nbsp;silnou boles\u0165ou v&nbsp;oblasti \u013eav\u00e9ho boku a&nbsp;zadnej \u010dasti tela a&nbsp;s&nbsp;\u013eahk\u00fdm zranen\u00edm hlavy.  Vzh\u013eadom na&nbsp;charakter zranen\u00ed, ve\u013ek\u00fd hemat\u00f3m a&nbsp;bolesti lek\u00e1ri odporu\u010dili, aby pacient zostal v&nbsp;nemocnici na&nbsp;pozorovanie. <\/p>\n<p>Osemdesiatdvaro\u010dn\u00fd <a href=\"https:\/\/www.nobelprize.org\/nobel_prizes\/literature\/laureates\/2010\/\" rel=\"noopener\" target=\"_blank\">nosite\u013e Nobelovej ceny<\/a> a&nbsp;jeho partnerka Isabel Preyslerov\u00e1 sa&nbsp;pr\u00e1ve vr\u00e1tili z&nbsp;La Palmy, jedn\u00e9ho zo&nbsp;\u0161panielskych Kan\u00e1rskych ostrovov. Pod\u013ea \u0161panielskej tla\u010de tam nav\u0161t\u00edvili observat\u00f3rium Roque de&nbsp;los Muchachos a&nbsp;venovali sa&nbsp;aj turistike.<\/p>\n<p>Po svojom n\u00e1vrate z&nbsp;ostrova sa&nbsp;spisovate\u013e pred novin\u00e1rmi pochv\u00e1lil svojimi fyzick\u00fdmi v\u00fdkonmi i&nbsp;z\u00e1\u017eitkami.<\/p>\n<p style=\"text-align: right;\"><small>&mdash;&nbsp;<a href=\"https:\/\/www.20minutos.es\/noticia\/3375722\/0\/mario-vargas-llosa-alta-hospital-caida-casa\/\" target=\"_blank\">20 minutos<\/a><\/small><\/p>\n","protected":false},"excerpt":{"rendered":"<p>Peru\u00e1nsky spisovate\u013e Mario Vargas Llosa, ktor\u00e9ho po&nbsp;p\u00e1de vo&nbsp;svojom dome na&nbsp;jeden de\u0148 hospitalizovali, bol v&nbsp;piatok prepusten\u00fd do&nbsp;dom\u00e1cej lie\u010dby. So&nbsp;silnou boles\u0165ou v&nbsp;oblasti \u013eav\u00e9ho boku a&nbsp;zadnej \u010dasti tela a&nbsp;s&nbsp;\u013eahk\u00fdm zranen\u00edm hlavy zostal v&nbsp;madridskej nemocnici Ruber Juan Bravo na&nbsp;pozorovanie. <a href=\"https:\/\/literarnenoviny.sk\/servis\/spisovatel-mario-vargas-llosa-bol-po-kratkej-hospitalizacii-prepusteny-z-nemocnice\/\" class=\"more-link\">Cel\u00e1 spr\u00e1va <span class=\"meta-nav\">&rarr;<\/span><\/a><\/p>\n","protected":false},"author":2,"featured_media":0,"comment_status":"closed","ping_status":"closed","sticky":false,"template":"","format":"standard","meta":{"_links_to":"","_links_to_target":""},"categories":[1],"tags":[3],"_links":{"self":[{"href":"https:\/\/literarnenoviny.sk\/servis\/wp-json\/wp\/v2\/posts\/3283"}],"collection":[{"href":"https:\/\/literarnenoviny.sk\/servis\/wp-json\/wp\/v2\/posts"}],"about":[{"href":"https:\/\/literarnenoviny.sk\/servis\/wp-json\/wp\/v2\/types\/post"}],"author":[{"embeddable":true,"href":"https:\/\/literarnenoviny.sk\/servis\/wp-json\/wp\/v2\/users\/2"}],"replies":[{"embeddable":true,"href":"https:\/\/literarnenoviny.sk\/servis\/wp-json\/wp\/v2\/comments?post=3283"}],"version-history":[{"count":0,"href":"https:\/\/literarnenoviny.sk\/servis\/wp-json\/wp\/v2\/posts\/3283\/revisions"}],"wp:attachment":[{"href":"https:\/\/literarnenoviny.sk\/servis\/wp-json\/wp\/v2\/media?parent=3283"}],"wp:term":[{"taxonomy":"category","embeddable":true,"href":"https:\/\/literarnenoviny.sk\/servis\/wp-json\/wp\/v2\/categories?post=3283"},{"taxonomy":"post_tag","embeddable":true,"href":"https:\/\/literarnenoviny.sk\/servis\/wp-json\/wp\/v2\/tags?post=3283"}],"curies":[{"name":"wp","href":"https:\/\/api.w.org\/{rel}","templated":true}]}}