{"id":3239,"date":"2018-06-14T10:30:18","date_gmt":"2018-06-14T08:30:18","guid":{"rendered":"https:\/\/literarnenoviny.sk\/servis\/?p=3239"},"modified":"2018-06-17T12:17:48","modified_gmt":"2018-06-17T10:17:48","slug":"novo-publikovane-einsteinove-denniky-odhaluju-jeho-niekdajsie-rasove-predsudky","status":"publish","type":"post","link":"https:\/\/literarnenoviny.sk\/servis\/novo-publikovane-einsteinove-denniky-odhaluju-jeho-niekdajsie-rasove-predsudky\/","title":{"rendered":"Novo publikovan\u00e9 Einsteinove denn\u00edky odha\u013euj\u00fa jeho niekdaj\u0161ie rasov\u00e9 predsudky"},"content":{"rendered":"<p><strong>Novo publikovan\u00e9 cestovate\u013esk\u00e9 denn\u00edky svetozn\u00e1meho fyzika <a href=\"https:\/\/sk.wikipedia.org\/wiki\/Albert_Einstein\" rel=\"noopener\" target=\"_blank\">Alberta Einsteina<\/a> odha\u013euj\u00fa jeho niekdaj\u0161ie rasov\u00e9 predsudky a&nbsp;postoje<\/strong>. Z\u00e1pisky z&nbsp;dvadsiatych rokov minul\u00e9ho storo\u010dia mapuj\u00fa jeho dojmy z&nbsp;ciest po&nbsp;\u010ealekom a&nbsp;Bl\u00edzkom v\u00fdchode.<\/p>\n<p>Pod n\u00e1zvom <em><strong><a href=\"https:\/\/press.princeton.edu\/titles\/11234.html\" rel=\"noopener\" target=\"_blank\">Cestovn\u00e9 denn\u00edky Alberta Einsteina<\/strong>: \u010ealek\u00fd v\u00fdchod, Palest\u00edna a&nbsp;\u0160panielsko 1922\u20131923<\/a><\/em> ich prv\u00fdkr\u00e1t samostatne publikovalo vydavate\u013estvo Princeton University Press. Einstein cestoval zo&nbsp;\u0160panielska na&nbsp;Bl\u00edzky v\u00fdchod a&nbsp;cez Cejl\u00f3n <em>(dne\u0161n\u00e1 Sr\u00ed Lanka)<\/em> do&nbsp;\u010c\u00edny a&nbsp;Japonska.<\/p>\n<p><center><div class=\"gca-utility vertical-spacer\"><\/div>\n<blockquote class=\"twitter-tweet\" data-lang=\"sk\">\n<p lang=\"en\" dir=\"ltr\">In the&nbsp;fall of 1922, <a href=\"https:\/\/twitter.com\/AlbertEinstein?ref_src=twsrc%5Etfw\">@AlbertEinstein<\/a> embarked on a&nbsp;5 month voyage to the&nbsp;Far East, regions that the&nbsp;renowned physicist had never visited before. <a href=\"https:\/\/twitter.com\/hashtag\/TheTravelDiariesofAlbertEinstein?src=hash&amp;ref_src=twsrc%5Etfw\">#TheTravelDiariesofAlbertEinstein<\/a> chronicles his trip. Follow along for a&nbsp;preview! 1\/10 <a href=\"https:\/\/t.co\/v3651SdZeG\">https:\/\/t.co\/v3651SdZeG<\/a> <a href=\"https:\/\/t.co\/sFB1Bj3drl\">pic.twitter.com\/sFB1Bj3drl<\/a><\/p>\n<p>&mdash; Princeton University Press (@PrincetonUPress) <a href=\"https:\/\/twitter.com\/PrincetonUPress\/status\/1006491303457116160?ref_src=twsrc%5Etfw\">12.&nbsp;j\u00fana 2018<\/a><\/p><\/blockquote>\n<p><script async src=\"https:\/\/platform.twitter.com\/widgets.js\" charset=\"utf-8\"><\/script><div class=\"gca-utility vertical-spacer\"><\/div><\/center><\/p>\n<p>V kontexte 21.&nbsp;storo\u010dia m\u00f4\u017eu pozn\u00e1mky mu\u017ea, ktor\u00fd rasizmus naz\u00fdval <em>\u201echorobou bielych \u013eud\u00ed\u201c<\/em>, p\u00f4sobi\u0165 \u0161okuj\u00faco. S\u00fa toti\u017e v&nbsp;rozpore s&nbsp;dne\u0161n\u00fdm verejn\u00fdm a&nbsp;medi\u00e1lnym obrazom Alberta Einsteina, \u010di&nbsp;jeho neskor\u0161\u00edmi verjn\u00fdmi vyjadreniami.<\/p>\n<p>Publikovan\u00e9 denn\u00edky v\u0161ak len dokumentuj\u00fa jeho pocity a&nbsp;prv\u00e9 dojmy z&nbsp;nav\u0161t\u00edven\u00fdch exotick\u00fdch miest a&nbsp;ilustruj\u00fa, ako sa&nbsp;jeho n\u00e1zory v&nbsp;priebehu rokov zmenili. <\/p>\n<p>Tieto slov\u00e1 boli nap\u00edsan\u00e9 predt\u00fdm, ne\u017e zistil, kam viedol rasizmus v&nbsp;Nemecku, ktor\u00e9 musel po&nbsp;n\u00e1stupte Adolfa Hitlera a&nbsp;nacistickej strany v&nbsp;roku 1933 opusti\u0165.<\/p>\n<p style=\"text-align: right;\"><small>&mdash;&nbsp;<a href=\"https:\/\/www.theguardian.com\/books\/2018\/jun\/12\/einsteins-travel-diaries-reveal-shocking-xenophobia\" target=\"_blank\">The Guardian<\/a><\/small><\/p>\n","protected":false},"excerpt":{"rendered":"<p>Novo publikovan\u00e9 cestovate\u013esk\u00e9 denn\u00edky svetozn\u00e1meho fyzika Alberta Einsteina odha\u013euj\u00fa jeho niekdaj\u0161ie rasov\u00e9 predsudky a&nbsp;xenof\u00f3bne postoje. Vedcove z\u00e1pisky z&nbsp;dvadsiatych rokov minul\u00e9ho storo\u010dia mapuj\u00fa jeho dojmy z&nbsp;ciest po&nbsp;\u010ealekom a&nbsp;Bl\u00edzkom v\u00fdchode. <a href=\"https:\/\/literarnenoviny.sk\/servis\/novo-publikovane-einsteinove-denniky-odhaluju-jeho-niekdajsie-rasove-predsudky\/\" class=\"more-link\">Cel\u00e1 spr\u00e1va <span class=\"meta-nav\">&rarr;<\/span><\/a><\/p>\n","protected":false},"author":2,"featured_media":0,"comment_status":"closed","ping_status":"closed","sticky":false,"template":"","format":"standard","meta":{"_links_to":"","_links_to_target":""},"categories":[1],"tags":[5,14,3],"_links":{"self":[{"href":"https:\/\/literarnenoviny.sk\/servis\/wp-json\/wp\/v2\/posts\/3239"}],"collection":[{"href":"https:\/\/literarnenoviny.sk\/servis\/wp-json\/wp\/v2\/posts"}],"about":[{"href":"https:\/\/literarnenoviny.sk\/servis\/wp-json\/wp\/v2\/types\/post"}],"author":[{"embeddable":true,"href":"https:\/\/literarnenoviny.sk\/servis\/wp-json\/wp\/v2\/users\/2"}],"replies":[{"embeddable":true,"href":"https:\/\/literarnenoviny.sk\/servis\/wp-json\/wp\/v2\/comments?post=3239"}],"version-history":[{"count":0,"href":"https:\/\/literarnenoviny.sk\/servis\/wp-json\/wp\/v2\/posts\/3239\/revisions"}],"wp:attachment":[{"href":"https:\/\/literarnenoviny.sk\/servis\/wp-json\/wp\/v2\/media?parent=3239"}],"wp:term":[{"taxonomy":"category","embeddable":true,"href":"https:\/\/literarnenoviny.sk\/servis\/wp-json\/wp\/v2\/categories?post=3239"},{"taxonomy":"post_tag","embeddable":true,"href":"https:\/\/literarnenoviny.sk\/servis\/wp-json\/wp\/v2\/tags?post=3239"}],"curies":[{"name":"wp","href":"https:\/\/api.w.org\/{rel}","templated":true}]}}