{"id":3073,"date":"2018-05-25T09:40:11","date_gmt":"2018-05-25T07:40:11","guid":{"rendered":"https:\/\/literarnenoviny.sk\/servis\/?p=3073"},"modified":"2018-05-25T23:52:27","modified_gmt":"2018-05-25T21:52:27","slug":"pre-nove-pravidla-gdpr-su-dnes-niektore-americke-media-v-europe-nedostupne","status":"publish","type":"post","link":"https:\/\/literarnenoviny.sk\/servis\/pre-nove-pravidla-gdpr-su-dnes-niektore-americke-media-v-europe-nedostupne\/","title":{"rendered":"Pre nov\u00e9 pravidl\u00e1 GDPR s\u00fa dnes niektor\u00e9 americk\u00e9 m\u00e9di\u00e1 v&nbsp;Eur\u00f3pe nedostupn\u00e9"},"content":{"rendered":"<p><strong>Internetov\u00e9 vydania niektor\u00fdch popredn\u00fdch americk\u00fdch m\u00e9di\u00ed s\u00fa dnes v&nbsp;Eur\u00f3pe nedostupn\u00e9<\/strong>. D\u00f4vodom s\u00fa nov\u00e9 pravidl\u00e1 ochrany osobn\u00fdch \u00fadajov <a href=\"https:\/\/ec.europa.eu\/commission\/priorities\/justice-and-fundamental-rights\/data-protection\/2018-reform-eu-data-protection-rules_sk\" rel=\"noopener\" target=\"_blank\">GDPR<\/a>, ktor\u00e9 dne\u0161n\u00fdm d\u0148om vst\u00fapili do&nbsp;platnosti. <\/p>\n<p><center><div class=\"gca-utility vertical-spacer\"><\/div><iframe loading=\"lazy\" width=\"500\" height=\"360\" src=\"https:\/\/literarnenoviny.sk\/servis\/wp-content\/uploads\/news\/2018\/05\/gdpr-latimes.htm\" frameborder=\"0\" allowfullscreen><\/iframe><div class=\"gca-utility vertical-spacer\"><\/div><\/center><\/p>\n<p>Z \u00fazemia Eur\u00f3pskej \u00fanie sa&nbsp;nedostanete napr\u00edklad k&nbsp;denn\u00edkom <em><a href=\"http:\/\/www.latimes.com\/\" rel=\"noopener\" target=\"_blank\">Los Angeles Times<\/a><\/em>, <em><a href=\"http:\/\/www.chicagotribune.com\/\" rel=\"noopener\" target=\"_blank\">Chicago Tribune<\/a><\/em> \u010di&nbsp;<em><a href=\"http:\/\/www.nydailynews.com\/\" rel=\"noopener\" target=\"_blank\">New York Daily News<\/a><\/em>.<\/p>\n<p style=\"text-align: right;\"><small>&mdash;&nbsp;<a href=\"http:\/\/www.bbc.com\/news\/world-europe-44248448\" target=\"_blank\">BBC<\/a><\/small><\/p>\n","protected":false},"excerpt":{"rendered":"<p>Internetov\u00e9 vydania niektor\u00fdch popredn\u00fdch americk\u00fdch m\u00e9di\u00ed s\u00fa dnes v&nbsp;Eur\u00f3pe nedostupn\u00e9. D\u00f4vodom s\u00fa nov\u00e9 pravidl\u00e1 ochrany osobn\u00fdch \u00fadajov GPDR, ktor\u00e9 dne\u0161n\u00fdm d\u0148om vst\u00fapili do&nbsp;platnosti.  <a href=\"https:\/\/literarnenoviny.sk\/servis\/pre-nove-pravidla-gdpr-su-dnes-niektore-americke-media-v-europe-nedostupne\/\" class=\"more-link\">Cel\u00e1 spr\u00e1va <span class=\"meta-nav\">&rarr;<\/span><\/a><\/p>\n","protected":false},"author":2,"featured_media":0,"comment_status":"closed","ping_status":"closed","sticky":false,"template":"","format":"standard","meta":{"_links_to":"","_links_to_target":""},"categories":[1],"tags":[33,71,27],"_links":{"self":[{"href":"https:\/\/literarnenoviny.sk\/servis\/wp-json\/wp\/v2\/posts\/3073"}],"collection":[{"href":"https:\/\/literarnenoviny.sk\/servis\/wp-json\/wp\/v2\/posts"}],"about":[{"href":"https:\/\/literarnenoviny.sk\/servis\/wp-json\/wp\/v2\/types\/post"}],"author":[{"embeddable":true,"href":"https:\/\/literarnenoviny.sk\/servis\/wp-json\/wp\/v2\/users\/2"}],"replies":[{"embeddable":true,"href":"https:\/\/literarnenoviny.sk\/servis\/wp-json\/wp\/v2\/comments?post=3073"}],"version-history":[{"count":0,"href":"https:\/\/literarnenoviny.sk\/servis\/wp-json\/wp\/v2\/posts\/3073\/revisions"}],"wp:attachment":[{"href":"https:\/\/literarnenoviny.sk\/servis\/wp-json\/wp\/v2\/media?parent=3073"}],"wp:term":[{"taxonomy":"category","embeddable":true,"href":"https:\/\/literarnenoviny.sk\/servis\/wp-json\/wp\/v2\/categories?post=3073"},{"taxonomy":"post_tag","embeddable":true,"href":"https:\/\/literarnenoviny.sk\/servis\/wp-json\/wp\/v2\/tags?post=3073"}],"curies":[{"name":"wp","href":"https:\/\/api.w.org\/{rel}","templated":true}]}}