{"id":2942,"date":"2018-05-12T23:00:38","date_gmt":"2018-05-12T21:00:38","guid":{"rendered":"https:\/\/literarnenoviny.sk\/servis\/?p=2942"},"modified":"2020-10-15T22:06:40","modified_gmt":"2020-10-15T20:06:40","slug":"vo-veku-83-rokov-zomrel-slovensky-filmovy-kameraman-a-dokumentarista-oskar-saghy","status":"publish","type":"post","link":"https:\/\/literarnenoviny.sk\/servis\/vo-veku-83-rokov-zomrel-slovensky-filmovy-kameraman-a-dokumentarista-oskar-saghy\/","title":{"rendered":"Vo veku 83 rokov zomrel slovensk\u00fd filmov\u00fd kameraman a&nbsp;dokumentarista Oskar \u0160\u00e1ghy"},"content":{"rendered":"<p><strong>Vo veku 83 rokov zomrel slovensk\u00fd filmov\u00fd kameraman a&nbsp;dokumentarista <a href=\"https:\/\/sk.wikipedia.org\/wiki\/Oskar_\u0160\u00e1ghy\" rel=\"noopener noreferrer\" target=\"_blank\">Oskar \u0160\u00e1ghy<\/a><\/strong>. V&nbsp;\u010ceskoslovenskom filme a&nbsp;nesk\u00f4r v&nbsp;Slovenskej filmovej tvorbe nakr\u00fatil mno\u017estvo filmov\u00fdch t\u00fd\u017edenn\u00edkov a&nbsp;dokumentov.<\/p>\n<p>V auguste roku 1968 sa&nbsp;ako jeden z&nbsp;kameramanov podie\u013eal na&nbsp;nakr\u00facan\u00ed mimoriadneho vydania spravodajsk\u00e9ho kino\u017eurn\u00e1lu <em><strong><a href=\"http:\/\/dokofilm.sk\/filmy\/cierne-dni\/\" rel=\"noopener noreferrer\" target=\"_blank\">T\u00fd\u017ede\u0148 vo&nbsp;filme &#8211; \u010cierne dni<\/a><\/strong><\/em>, ktor\u00fd zachyt\u00e1val okup\u00e1ciu \u010ceskoslovenska.<\/p>\n<p>Spolupracoval s&nbsp;v\u00fdznamn\u00fdmi slovensk\u00fdmi dokumentaristami Milanom \u010cern\u00e1kom, \u0160tefanom Kamenick\u00fdm, Ladislavom Kudelkom, \u0160tefanom Orthom a&nbsp;Otakarom Kriv\u00e1nkom.<\/p>\n<div class=\"gca-utility vertical-spacer\"><\/div>\n<p style=\"text-align: center;\"><!a href=\"\"><img decoding=\"async\" src=\"https:\/\/literarnenoviny.sk\/servis\/wp-content\/uploads\/news\/2018\/05\/12_23-00_500x360.jpg\" vspace=\"4\" alt=\"\" \/><\/a><br \/>\n<span class=\"media-credit\" style=\"text-align: center; font-size: 14px;\">Oskar \u0160\u00e1ghy, Martin Slivka a&nbsp;Karol Plicka pri nakr\u00facan\u00ed (1969)<\/span><\/p>\n<div class=\"gca-utility vertical-spacer\"><\/div>\n<p>S re\u017eis\u00e9rom <a href=\"https:\/\/sk.wikipedia.org\/wiki\/Martin_Slivka\" rel=\"noopener noreferrer\" target=\"_blank\">Martinom Slivkom<\/a> nakr\u00fatil popri in\u00fdch dokumentoch aj <a href=\"https:\/\/dafilms.cz\/film\/8790-narodni-umelec-profesor-karol-plicka\" rel=\"noopener noreferrer\" target=\"_blank\">unik\u00e1tny portr\u00e9t Karola Plicku<\/a> <em>(N\u00e1rodn\u00fd umelec prof. Karol Plicka, 1970)<\/em>. <\/p>\n<p>Oskar \u0160\u00e1ghy sa&nbsp;s&nbsp;kameramanom a&nbsp;re\u017eis\u00e9rom Mikul\u00e1\u0161om Fodorom spolupodie\u013eal na&nbsp;nieko\u013ek\u00fdch dokument\u00e1rnych filmoch aj ako autor n\u00e1metu, scen\u00e1ra a&nbsp;re\u017eis\u00e9r.<\/p>\n<p>Okrem dokument\u00e1rnych filmov nakr\u00fatil aj nieko\u013eko hran\u00fdch filmov predov\u0161etk\u00fdm s&nbsp;filmov\u00fdm re\u017eis\u00e9rom <a href=\"https:\/\/sk.wikipedia.org\/wiki\/Otakar_Kriv\u00e1nek\" rel=\"noopener noreferrer\" target=\"_blank\">Otakarom Kriv\u00e1nkom<\/a>.<\/p>\n<p style=\"text-align: right;\"><small><a href=\"http:\/\/www.sfu.sk\/\" target=\"_blank\" rel=\"noopener noreferrer\">SF\u00da<\/a><\/small><\/p>\n","protected":false},"excerpt":{"rendered":"<p>Vo veku 83 rokov zomrel slovensk\u00fd filmov\u00fd kameraman a&nbsp;dokumentarista Oskar \u0160\u00e1ghy. V&nbsp;auguste roku 1968 sa&nbsp;ako jeden z&nbsp;kameramanov podie\u013eal na&nbsp;nakr\u00facan\u00ed mimoriadneho vydania spravodajsk\u00e9ho kino\u017eurn\u00e1lu T\u00fd\u017ede\u0148 vo&nbsp;filme &#8211; \u010cierne dni, ktor\u00fd zachyt\u00e1val okup\u00e1ciu \u010ceskoslovenska. <a href=\"https:\/\/literarnenoviny.sk\/servis\/vo-veku-83-rokov-zomrel-slovensky-filmovy-kameraman-a-dokumentarista-oskar-saghy\/\" class=\"more-link\">Cel\u00e1 spr\u00e1va <span class=\"meta-nav\">&rarr;<\/span><\/a><\/p>\n","protected":false},"author":2,"featured_media":0,"comment_status":"closed","ping_status":"closed","sticky":false,"template":"","format":"standard","meta":{"_links_to":"","_links_to_target":""},"categories":[1],"tags":[16,33,209,78,27],"_links":{"self":[{"href":"https:\/\/literarnenoviny.sk\/servis\/wp-json\/wp\/v2\/posts\/2942"}],"collection":[{"href":"https:\/\/literarnenoviny.sk\/servis\/wp-json\/wp\/v2\/posts"}],"about":[{"href":"https:\/\/literarnenoviny.sk\/servis\/wp-json\/wp\/v2\/types\/post"}],"author":[{"embeddable":true,"href":"https:\/\/literarnenoviny.sk\/servis\/wp-json\/wp\/v2\/users\/2"}],"replies":[{"embeddable":true,"href":"https:\/\/literarnenoviny.sk\/servis\/wp-json\/wp\/v2\/comments?post=2942"}],"version-history":[{"count":0,"href":"https:\/\/literarnenoviny.sk\/servis\/wp-json\/wp\/v2\/posts\/2942\/revisions"}],"wp:attachment":[{"href":"https:\/\/literarnenoviny.sk\/servis\/wp-json\/wp\/v2\/media?parent=2942"}],"wp:term":[{"taxonomy":"category","embeddable":true,"href":"https:\/\/literarnenoviny.sk\/servis\/wp-json\/wp\/v2\/categories?post=2942"},{"taxonomy":"post_tag","embeddable":true,"href":"https:\/\/literarnenoviny.sk\/servis\/wp-json\/wp\/v2\/tags?post=2942"}],"curies":[{"name":"wp","href":"https:\/\/api.w.org\/{rel}","templated":true}]}}