{"id":2884,"date":"2018-05-15T12:45:50","date_gmt":"2018-05-15T10:45:50","guid":{"rendered":"https:\/\/literarnenoviny.sk\/servis\/?p=2884"},"modified":"2018-05-18T20:59:25","modified_gmt":"2018-05-18T18:59:25","slug":"po-milosovi-formanovi-pomenuju-v-prahe-namestie-pred-hotelom-intercontinental","status":"publish","type":"post","link":"https:\/\/literarnenoviny.sk\/servis\/po-milosovi-formanovi-pomenuju-v-prahe-namestie-pred-hotelom-intercontinental\/","title":{"rendered":"Po Milo\u0161ovi Formanovi pomenuj\u00fa v&nbsp;Prahe n\u00e1mestie pred hotelom Intercontinental"},"content":{"rendered":"<p><strong>Pra\u017esk\u00fd magistr\u00e1t pomenuje piazzetu pred hotelom Intercontinental na&nbsp;n\u00e1mestie <em>Milo\u0161e Formana<\/em><\/strong>, rozhodlo o&nbsp;tom mestsk\u00e9 zastupite\u013estvo.<\/p>\n<p>Mesto Praha u\u017e&nbsp;minul\u00fd rok udelilo Milo\u0161ovi Formanovi \u010destn\u00e9 ob\u010dianstvo. Osemdesiat\u0161es\u0165 ro\u010dn\u00fd oscarov\u00fd re\u017eis\u00e9r <a href=\"https:\/\/cs.wikipedia.org\/wiki\/Milo\u0161_Forman\" rel=\"noopener\" target=\"_blank\">Milo\u0161 Forman<\/a>, <a href=\"https:\/\/literarnenoviny.sk\/servis\/vo-veku-86-rokov-zomrel-v-spojenych-statoch-cesky-filmovy-reziser-milos-forman\/\" rel=\"noopener\" target=\"\">zomrel 13.&nbsp;apr\u00edla<\/a> v&nbsp;americkom Danbury v&nbsp;\u0161t\u00e1te Connecticut.<\/p>\n<p><center><div class=\"gca-utility vertical-spacer\"><\/div>\n<iframe loading=\"lazy\" src=\"https:\/\/www.google.com\/maps\/embed?pb=!1m18!1m12!1m3!1d1279.8761616590382!2d14.418015999656403!3d50.090923875963924!2m3!1f0!2f0!3f0!3m2!1i1024!2i768!4f13.1!3m3!1m2!1s0x470b94c2a81eb491%3A0x6f74e2d19dd899c!2sInterContinental+Prague!5e0!3m2!1ssk!2ssk!4v1526401893110\" width=\"560\" height=\"360\" frameborder=\"0\" style=\"border:0\" allowfullscreen><\/iframe><br \/>\n<div class=\"gca-utility vertical-spacer\"><\/div><\/center><\/p>\n<p>Priestor sa&nbsp;nach\u00e1dza medzi pra\u017esk\u00fdmi ulicami <em>Pa\u0159\u00ed\u017esk\u00e1<\/em>, <em>B\u00edlkova<\/em>, <em>Eli\u0161ky Kr\u00e1snohorsk\u00e9<\/em> a&nbsp;n\u00e1mest\u00edm <em>Curieov\u00fdch<\/em>.<\/p>\n<p><em>\u201eCel\u00fd \u017eivot robil vo&nbsp;svete skvel\u00e9 meno nielen Prahe, ale aj \u010ceskej republike. Preto je&nbsp;namieste, \u017ee&nbsp;jeho meno ponesie v\u00fdznamn\u00fd priestor v&nbsp;centre mesta,\u201c<\/em> uviedla pra\u017esk\u00e1 prim\u00e1torka Adriana Krn\u00e1\u010dov\u00e1.<\/p>\n<p>Re\u017eis\u00e9rovo meno nesie aj ulica, <a href=\"https:\/\/magazin.aktualne.cz\/celebrity\/v-caslavi-citil-forman-koreny-a-nikdy-na-ni-nezanevrel-tvrdi\/r~6328d10044bf11e8b8310cc47ab5f122\/\" rel=\"noopener\" target=\"_blank\">na ktorej stoj\u00ed Formanov rodn\u00fd dom<\/a> v&nbsp;stredo\u010deskom meste \u010c\u00e1slav.<\/p>\n<p style=\"text-align: right;\"><small><a href=\"https:\/\/prazsky.denik.cz\/zpravy_region\/praha-bude-mit-namesti-milose-formana-prejmenuje-piazzetu-v-centru-20180515.html\" target=\"_blank\">Pra\u017esk\u00fd den\u00edk<\/a><\/small><\/p>\n","protected":false},"excerpt":{"rendered":"<p>Pra\u017esk\u00fd magistr\u00e1t pomenuje piazzetu pred hotelom Intercontinental na&nbsp;n\u00e1mestie Milo\u0161e Formana, rozhodlo o&nbsp;tom mestsk\u00e9 zastupite\u013estvo.  Priestor sa&nbsp;nach\u00e1dza medzi ulicami Pa\u0159\u00ed\u017esk\u00e1, B\u00edlkova, Eli\u0161ky Kr\u00e1snohorsk\u00e9 a&nbsp;n\u00e1mest\u00edm Curieov\u00fdch. <a href=\"https:\/\/literarnenoviny.sk\/servis\/po-milosovi-formanovi-pomenuju-v-prahe-namestie-pred-hotelom-intercontinental\/\" class=\"more-link\">Cel\u00e1 spr\u00e1va <span class=\"meta-nav\">&rarr;<\/span><\/a><\/p>\n","protected":false},"author":2,"featured_media":0,"comment_status":"closed","ping_status":"closed","sticky":false,"template":"","format":"standard","meta":{"_links_to":"","_links_to_target":""},"categories":[1],"tags":[16,3,21],"_links":{"self":[{"href":"https:\/\/literarnenoviny.sk\/servis\/wp-json\/wp\/v2\/posts\/2884"}],"collection":[{"href":"https:\/\/literarnenoviny.sk\/servis\/wp-json\/wp\/v2\/posts"}],"about":[{"href":"https:\/\/literarnenoviny.sk\/servis\/wp-json\/wp\/v2\/types\/post"}],"author":[{"embeddable":true,"href":"https:\/\/literarnenoviny.sk\/servis\/wp-json\/wp\/v2\/users\/2"}],"replies":[{"embeddable":true,"href":"https:\/\/literarnenoviny.sk\/servis\/wp-json\/wp\/v2\/comments?post=2884"}],"version-history":[{"count":0,"href":"https:\/\/literarnenoviny.sk\/servis\/wp-json\/wp\/v2\/posts\/2884\/revisions"}],"wp:attachment":[{"href":"https:\/\/literarnenoviny.sk\/servis\/wp-json\/wp\/v2\/media?parent=2884"}],"wp:term":[{"taxonomy":"category","embeddable":true,"href":"https:\/\/literarnenoviny.sk\/servis\/wp-json\/wp\/v2\/categories?post=2884"},{"taxonomy":"post_tag","embeddable":true,"href":"https:\/\/literarnenoviny.sk\/servis\/wp-json\/wp\/v2\/tags?post=2884"}],"curies":[{"name":"wp","href":"https:\/\/api.w.org\/{rel}","templated":true}]}}