{"id":2851,"date":"2018-05-10T20:25:51","date_gmt":"2018-05-10T18:25:51","guid":{"rendered":"https:\/\/literarnenoviny.sk\/servis\/?p=2851"},"modified":"2018-05-11T09:11:41","modified_gmt":"2018-05-11T07:11:41","slug":"cesky-novinar-publicista-a-spisovatel-karel-hvizdala-ziskal-cenu-arnosta-lustiga","status":"publish","type":"post","link":"https:\/\/literarnenoviny.sk\/servis\/cesky-novinar-publicista-a-spisovatel-karel-hvizdala-ziskal-cenu-arnosta-lustiga\/","title":{"rendered":"\u010cesk\u00fd novin\u00e1r, publicista a&nbsp;spisovate\u013e Karel Hv\u00ed\u017e\u010fala z\u00edskal Cenu Arno\u0161ta Lustiga"},"content":{"rendered":"<p><strong>Zn\u00e1my \u010desk\u00fd novin\u00e1r, publicista a&nbsp;spisovate\u013e <a href=\"https:\/\/cs.wikipedia.org\/wiki\/Karel_Hv\u00ed\u017e\u010fala\" rel=\"noopener\" target=\"_blank\">Karel Hv\u00ed\u017e\u010fala<\/a> z\u00edskal za&nbsp;knihu <em><a href=\"http:\/\/www.martinus.sk\/?uItem=292575&#038;z=WLGC7F&#038;utm_source=z%3DWLGC7F&#038;utm_medium=url&#038;utm_campaign=partner\" rel=\"noopener\" target=\"_blank\">Vl\u010dice<\/strong>: Rozhovory s&nbsp;Magdou V\u00e1\u0161\u00e1ryovou a&nbsp;Ivou Bro\u017eovou<\/a><\/em> <strong>Cenu Arno\u0161ta Lustiga<\/strong>.<\/p>\n<p>Na ocenenie, ktor\u00e9 je&nbsp;s\u00fa\u010das\u0165ou v\u00fdro\u010dn\u00fdch cien vydavate\u013estva <em>Mlad\u00e1 fronta<\/em> a&nbsp;od&nbsp;roku 2012 sa&nbsp;ude\u013euje osobnostiam, ktor\u00e9 prejavili odvahu a&nbsp;stato\u010dnos\u0165, \u013eudskos\u0165 a&nbsp;spravodlivos\u0165, bolo nominovan\u00fdch 180 titulov.<\/p>\n<p>Hv\u00ed\u017e\u010fala bol redaktorom <em><a href=\"https:\/\/cs.wikipedia.org\/wiki\/Mlad\u00fd_sv\u011bt\" rel=\"noopener\" target=\"_blank\">Mlad\u00e9ho sv\u011bta<\/a><\/em> a&nbsp;nesk\u00f4r exilov\u00e9ho vydavate\u013estva <em><a href=\"https:\/\/cs.wikipedia.org\/wiki\/Index_(nakladatelstv%C3%AD)\" rel=\"noopener\" target=\"_blank\">Index<\/a><\/em> v&nbsp;Kol\u00edne nad R\u00fdnom. Po\u010das svojho p\u00f4sobenia v&nbsp;zahrani\u010d\u00ed bol prispievate\u013eom viacer\u00fdch tamoj\u0161\u00edch m\u00e9di\u00ed.<\/p>\n<p>Po spolo\u010densk\u00fdch zmen\u00e1ch v&nbsp;b\u00fdvalom \u010cesko-Slovensku sa&nbsp;vr\u00e1til do&nbsp;vlasti a&nbsp;p\u00f4sobil na&nbsp;v\u00fdznamn\u00fdch redaktorsk\u00fdch poz\u00edci\u00e1ch v&nbsp;<em>Mladom sv\u011bte<\/em>, <em><a href=\"https:\/\/www.idnes.cz\/\" rel=\"noopener\" target=\"_blank\">Mladej fronte Dnes<\/a><\/em> a&nbsp;\u010dasopise <em><a href=\"https:\/\/www.tyden.cz\/\" rel=\"noopener\" target=\"_blank\">T\u00fdden<\/a><\/em>. <\/p>\n<p>Karel Hv\u00ed\u017e\u010fala je&nbsp;od&nbsp;roku 1999 novin\u00e1rom a&nbsp;spisovate\u013eom v&nbsp;slobodnom povolan\u00ed.<\/p>\n<p style=\"text-align: right;\"><small><a href=\"https:\/\/magazin.aktualne.cz\/kultura\/cenu-arnosta-lustiga-ziskal-publicista-karel-hvizdala-za-roz\/r~056c203a547311e883510cc47ab5f122\/\" target=\"_blank\">Aktu\u00e1ln\u011b.cz<\/a><\/small><\/p>\n","protected":false},"excerpt":{"rendered":"<p>Zn\u00e1my \u010desk\u00fd novin\u00e1r, publicista a&nbsp;spisovate\u013e Karel Hv\u00ed\u017e\u010fala z\u00edskal  za&nbsp;knihu  Vl\u010dice: Rozhovory s&nbsp;Magdou V\u00e1\u0161\u00e1ryovou a&nbsp;Ivou Bro\u017eovou Cenu Arno\u0161ta Lustiga. Na&nbsp;ocenenie, ktor\u00e9 sa&nbsp;od&nbsp;roku 2012 ude\u013euje osobnostiam, ktor\u00e9 prejavili odvahu a&nbsp;stato\u010dnos\u0165, \u013eudskos\u0165 a&nbsp;spravodlivos\u0165, bolo nominovan\u00fdch 180 titulov. <a href=\"https:\/\/literarnenoviny.sk\/servis\/cesky-novinar-publicista-a-spisovatel-karel-hvizdala-ziskal-cenu-arnosta-lustiga\/\" class=\"more-link\">Cel\u00e1 spr\u00e1va <span class=\"meta-nav\">&rarr;<\/span><\/a><\/p>\n","protected":false},"author":2,"featured_media":0,"comment_status":"closed","ping_status":"closed","sticky":false,"template":"","format":"standard","meta":{"_links_to":"","_links_to_target":""},"categories":[1],"tags":[14,21,27],"_links":{"self":[{"href":"https:\/\/literarnenoviny.sk\/servis\/wp-json\/wp\/v2\/posts\/2851"}],"collection":[{"href":"https:\/\/literarnenoviny.sk\/servis\/wp-json\/wp\/v2\/posts"}],"about":[{"href":"https:\/\/literarnenoviny.sk\/servis\/wp-json\/wp\/v2\/types\/post"}],"author":[{"embeddable":true,"href":"https:\/\/literarnenoviny.sk\/servis\/wp-json\/wp\/v2\/users\/2"}],"replies":[{"embeddable":true,"href":"https:\/\/literarnenoviny.sk\/servis\/wp-json\/wp\/v2\/comments?post=2851"}],"version-history":[{"count":0,"href":"https:\/\/literarnenoviny.sk\/servis\/wp-json\/wp\/v2\/posts\/2851\/revisions"}],"wp:attachment":[{"href":"https:\/\/literarnenoviny.sk\/servis\/wp-json\/wp\/v2\/media?parent=2851"}],"wp:term":[{"taxonomy":"category","embeddable":true,"href":"https:\/\/literarnenoviny.sk\/servis\/wp-json\/wp\/v2\/categories?post=2851"},{"taxonomy":"post_tag","embeddable":true,"href":"https:\/\/literarnenoviny.sk\/servis\/wp-json\/wp\/v2\/tags?post=2851"}],"curies":[{"name":"wp","href":"https:\/\/api.w.org\/{rel}","templated":true}]}}