{"id":2840,"date":"2018-05-08T10:10:28","date_gmt":"2018-05-08T08:10:28","guid":{"rendered":"https:\/\/literarnenoviny.sk\/servis\/?p=2840"},"modified":"2018-05-08T11:40:36","modified_gmt":"2018-05-08T09:40:36","slug":"vo-francuzskom-cannes-sa-zacina-dalsi-rocnik-najslavnejsieho-filmoveho-festivalu","status":"publish","type":"post","link":"https:\/\/literarnenoviny.sk\/servis\/vo-francuzskom-cannes-sa-zacina-dalsi-rocnik-najslavnejsieho-filmoveho-festivalu\/","title":{"rendered":"Vo franc\u00fazskom Cannes sa&nbsp;za\u010d\u00edna \u010fal\u0161\u00ed ro\u010dn\u00edk najsl\u00e1vnej\u0161ieho filmov\u00e9ho festivalu"},"content":{"rendered":"<p><strong>Vo franc\u00fazskom letovisku Cannes sa&nbsp;za\u010d\u00edna \u010fal\u0161\u00ed ro\u010dn\u00edk zn\u00e1meho <a href=\"https:\/\/www.festival-cannes.com\/\" rel=\"noopener\" target=\"_blank\">filmov\u00e9ho festivalu<\/a><\/strong>. O&nbsp;najvy\u0161\u0161ie ocenenie, Zlat\u00fa palmu pre&nbsp;najlep\u0161\u00ed film, sa&nbsp;bude tento rok uch\u00e1dza\u0165 21 tvorcov. <\/p>\n<p>Na prehliadke okrem in\u00fdch titulov uved\u00fa aj filmov\u00fa novinku osemdesiatsedemro\u010dn\u00e9ho veter\u00e1na <a href=\"https:\/\/sk.wikipedia.org\/wiki\/Jean-Luc_Godard\" rel=\"noopener\" target=\"_blank\">Jean-Luca Godarda<\/a> <em>Le Livre d&#8217;image (Obrazov\u00e1 kniha)<\/em>, adapt\u00e1ciu poviedky <a href=\"https:\/\/sk.wikipedia.org\/wiki\/Haruki_Murakami\" rel=\"noopener\" target=\"_blank\">Harukiho Murakamiho<\/a> od&nbsp;juhok\u00f3rejskeho re\u017eis\u00e9ra a&nbsp;scen\u00e1ristu Lee Chang-donga, \u010di&nbsp;sn\u00edmky re\u017eis\u00e9rov Larsa von Triera a&nbsp;Spikea Leeho.<\/p>\n<p>Hist\u00f3ria <a href=\"https:\/\/cs.wikipedia.org\/wiki\/Filmov\u00fd_festival_v_Cannes\" rel=\"noopener\" target=\"_blank\">najsl\u00e1vnej\u0161ej kinematografickej prehliadky<\/a> sveta sa&nbsp;za\u010dala v&nbsp;Cannes v&nbsp;roku 1946, kedy sa&nbsp;konal prv\u00fd ro\u010dn\u00edk festivalu. Hlavn\u00e1 cena, Zlat\u00e1 palma, v\u0161ak bola prv\u00fdkr\u00e1t udelen\u00e1 a\u017e v&nbsp;roku 1955. <\/p>\n<p>Vlani ju z\u00edskala koproduk\u010dn\u00e1 dr\u00e1ma <em>The Square (\u0160tvorec)<\/em> \u0161v\u00e9dskeho re\u017eis\u00e9ra Rubena \u00d6stlunda.<\/p>\n<p style=\"text-align: right;\"><small><a href=\"https:\/\/www.festival-cannes.com\/\" target=\"_blank\">Festival de&nbsp;Cannes<\/a><\/small><\/p>\n","protected":false},"excerpt":{"rendered":"<p>Vo franc\u00fazskom Cannes sa&nbsp;za\u010d\u00edna \u010fal\u0161\u00ed ro\u010dn\u00edk zn\u00e1meho filmov\u00e9ho festivalu. O&nbsp;najvy\u0161\u0161ie ocenenie, Zlat\u00fa palmu pre&nbsp;najlep\u0161\u00ed film, sa&nbsp;bude tento rok uch\u00e1dza\u0165 21 tvorcov. Okrem in\u00fdch titulov na&nbsp;prehliadke uved\u00fa aj filmov\u00fa novinku osemdesiatsedemro\u010dn\u00e9ho veter\u00e1na Jean-Luca Godarda Le&nbsp;Livre d&#8217;image. <a href=\"https:\/\/literarnenoviny.sk\/servis\/vo-francuzskom-cannes-sa-zacina-dalsi-rocnik-najslavnejsieho-filmoveho-festivalu\/\" class=\"more-link\">Cel\u00e1 spr\u00e1va <span class=\"meta-nav\">&rarr;<\/span><\/a><\/p>\n","protected":false},"author":2,"featured_media":0,"comment_status":"closed","ping_status":"closed","sticky":false,"template":"","format":"standard","meta":{"_links_to":"","_links_to_target":""},"categories":[1],"tags":[15,16,51,52],"_links":{"self":[{"href":"https:\/\/literarnenoviny.sk\/servis\/wp-json\/wp\/v2\/posts\/2840"}],"collection":[{"href":"https:\/\/literarnenoviny.sk\/servis\/wp-json\/wp\/v2\/posts"}],"about":[{"href":"https:\/\/literarnenoviny.sk\/servis\/wp-json\/wp\/v2\/types\/post"}],"author":[{"embeddable":true,"href":"https:\/\/literarnenoviny.sk\/servis\/wp-json\/wp\/v2\/users\/2"}],"replies":[{"embeddable":true,"href":"https:\/\/literarnenoviny.sk\/servis\/wp-json\/wp\/v2\/comments?post=2840"}],"version-history":[{"count":0,"href":"https:\/\/literarnenoviny.sk\/servis\/wp-json\/wp\/v2\/posts\/2840\/revisions"}],"wp:attachment":[{"href":"https:\/\/literarnenoviny.sk\/servis\/wp-json\/wp\/v2\/media?parent=2840"}],"wp:term":[{"taxonomy":"category","embeddable":true,"href":"https:\/\/literarnenoviny.sk\/servis\/wp-json\/wp\/v2\/categories?post=2840"},{"taxonomy":"post_tag","embeddable":true,"href":"https:\/\/literarnenoviny.sk\/servis\/wp-json\/wp\/v2\/tags?post=2840"}],"curies":[{"name":"wp","href":"https:\/\/api.w.org\/{rel}","templated":true}]}}