{"id":2828,"date":"2018-05-04T09:15:08","date_gmt":"2018-05-04T07:15:08","guid":{"rendered":"https:\/\/literarnenoviny.sk\/servis\/?p=2828"},"modified":"2018-05-08T10:09:00","modified_gmt":"2018-05-08T08:09:00","slug":"svedska-akademia-prvykrat-od-roku-1943-neudeli-nobelovu-cenu-za-literaturu","status":"publish","type":"post","link":"https:\/\/literarnenoviny.sk\/servis\/svedska-akademia-prvykrat-od-roku-1943-neudeli-nobelovu-cenu-za-literaturu\/","title":{"rendered":"\u0160v\u00e9dska akad\u00e9mia prv\u00fdkr\u00e1t od&nbsp;roku 1943 neudel\u00ed Nobelovu cenu za&nbsp;literat\u00faru"},"content":{"rendered":"<p><strong>\u0160v\u00e9dska kr\u00e1\u013eovsk\u00e1 akad\u00e9mia prv\u00fdkr\u00e1t od&nbsp;roku 1943 neudel\u00ed <a href=\"https:\/\/www.nobelprize.org\/nobel_prizes\/literature\/\" rel=\"noopener\" target=\"_blank\">Nobelovu cenu za&nbsp;literat\u00faru<\/a><\/strong>. Po&nbsp;\u0161kand\u00e1le s&nbsp;ob\u0165a\u017eovan\u00edm \u017eien z&nbsp;akad\u00e9mie odi\u0161la na&nbsp;protest takmer polovica jej \u010dlenov. Akad\u00e9mia sa&nbsp;teraz mus\u00ed vyrovna\u0165 s&nbsp;probl\u00e9mom, ktor\u00fd sp\u00f4sobil man\u017eel jednej jej \u010dlenky.<\/p>\n<p>Franc\u00fazsko-\u0161v\u00e9dskeho fotografa Jeana-Clauda Arnaulta obvinilo zo&nbsp;sexu\u00e1lneho ob\u0165a\u017eovania 18 \u017eien. Medzi obe\u0165ami vraj bola aj <a href=\"https:\/\/www.telegraph.co.uk\/news\/2018\/04\/29\/swedish-crown-princess-victoria-groped-french-photographer-nobel\/\" rel=\"noopener\" target=\"_blank\">\u0161v\u00e9dska princezn\u00e1 Vikt\u00f3ria<\/a>. K&nbsp;t\u00fdmto \u010dinom malo d\u00f4js\u0165 na&nbsp;banketoch po&nbsp;vyhl\u00e1sen\u00ed a&nbsp;udelen\u00ed Nobelovej ceny za&nbsp;literat\u00faru a&nbsp;vo&nbsp;viacer\u00fdch bytoch, ktor\u00e9 patria akad\u00e9mii.<br \/>\n<center><\/p>\n<blockquote class=\"twitter-tweet\" data-lang=\"sk\">\n<p lang=\"en\" dir=\"ltr\">The Nobel Prize in Literature 2018 has been postponed. The&nbsp;Nobel Foundation supports the&nbsp;Swedish Academy\u2019s decision. Press release: <a href=\"https:\/\/t.co\/eayNN3YgYv\">https:\/\/t.co\/eayNN3YgYv<\/a><\/p>\n<p>&mdash; The&nbsp;Nobel Prize (@NobelPrize) <a href=\"https:\/\/twitter.com\/NobelPrize\/status\/992300043720843265?ref_src=twsrc%5Etfw\">4.&nbsp;m\u00e1ja 2018<\/a><\/p><\/blockquote>\n<p><script async src=\"https:\/\/platform.twitter.com\/widgets.js\" charset=\"utf-8\"><\/script><\/center><\/p>\n<p>Pod\u013ea \u0161v\u00e9dskeho denn\u00edka <em><a href=\"https:\/\/www.dn.se\/kultur-noje\/svenska-akademien-det-blir-inget-nobelpris-i-ar\/\" rel=\"noopener\" target=\"_blank\">Dagens Nyheter<\/a><\/em> Arnault tie\u017e opakovane poru\u0161il pravidl\u00e1 Nobelov\u00fdch cien, ke\u010f vyzradil meno laure\u00e1ta ceny za&nbsp;literat\u00faru. Urobil to pravdepodobne sedemkr\u00e1t od&nbsp;roku 1996. Naposledy v&nbsp;roku 2016 prezradil meno Boba Dylana.<\/p>\n<p>\u0160v\u00e9dska kr\u00e1\u013eovsk\u00e1 akad\u00e9mia <a href=\"https:\/\/www.nobelprize.org\/press\/#\/publication\/5aec06e7386baf00045db476\/552bd85dccc8e20c00e7f979\" rel=\"noopener\" target=\"_blank\">svoje rozhodnutie<\/a> ozn\u00e1mila v&nbsp;piatok r\u00e1no. <\/p>\n<p style=\"text-align: right;\"><small><a href=\"https:\/\/www.dn.se\/kultur-noje\/svenska-akademien-det-blir-inget-nobelpris-i-ar\/\" target=\"_blank\">Dagens Nyheter<\/a><\/small><\/p>\n","protected":false},"excerpt":{"rendered":"<p>\u0160v\u00e9dska kr\u00e1\u013eovsk\u00e1 akad\u00e9mia prv\u00fdkr\u00e1t od&nbsp;roku 1943 neudel\u00ed Nobelovu cenu za&nbsp;literat\u00faru. Po&nbsp;\u0161kand\u00e1le s&nbsp;ob\u0165a\u017eovan\u00edm \u017eien z&nbsp;akad\u00e9mie odi\u0161la na&nbsp;protest takmer polovica jej \u010dlenov. Akad\u00e9mia sa&nbsp;teraz mus\u00ed vyrovna\u0165 s&nbsp;probl\u00e9mom, ktor\u00fd sp\u00f4sobil man\u017eel jednej jej \u010dlenky.<br \/>\n <a href=\"https:\/\/literarnenoviny.sk\/servis\/svedska-akademia-prvykrat-od-roku-1943-neudeli-nobelovu-cenu-za-literaturu\/\" class=\"more-link\">Cel\u00e1 spr\u00e1va <span class=\"meta-nav\">&rarr;<\/span><\/a><\/p>\n","protected":false},"author":2,"featured_media":0,"comment_status":"closed","ping_status":"closed","sticky":false,"template":"","format":"standard","meta":{"_links_to":"","_links_to_target":""},"categories":[1],"tags":[4,21],"_links":{"self":[{"href":"https:\/\/literarnenoviny.sk\/servis\/wp-json\/wp\/v2\/posts\/2828"}],"collection":[{"href":"https:\/\/literarnenoviny.sk\/servis\/wp-json\/wp\/v2\/posts"}],"about":[{"href":"https:\/\/literarnenoviny.sk\/servis\/wp-json\/wp\/v2\/types\/post"}],"author":[{"embeddable":true,"href":"https:\/\/literarnenoviny.sk\/servis\/wp-json\/wp\/v2\/users\/2"}],"replies":[{"embeddable":true,"href":"https:\/\/literarnenoviny.sk\/servis\/wp-json\/wp\/v2\/comments?post=2828"}],"version-history":[{"count":0,"href":"https:\/\/literarnenoviny.sk\/servis\/wp-json\/wp\/v2\/posts\/2828\/revisions"}],"wp:attachment":[{"href":"https:\/\/literarnenoviny.sk\/servis\/wp-json\/wp\/v2\/media?parent=2828"}],"wp:term":[{"taxonomy":"category","embeddable":true,"href":"https:\/\/literarnenoviny.sk\/servis\/wp-json\/wp\/v2\/categories?post=2828"},{"taxonomy":"post_tag","embeddable":true,"href":"https:\/\/literarnenoviny.sk\/servis\/wp-json\/wp\/v2\/tags?post=2828"}],"curies":[{"name":"wp","href":"https:\/\/api.w.org\/{rel}","templated":true}]}}