{"id":2816,"date":"2018-05-03T21:45:46","date_gmt":"2018-05-03T19:45:46","guid":{"rendered":"https:\/\/literarnenoviny.sk\/servis\/?p=2816"},"modified":"2018-05-04T10:39:52","modified_gmt":"2018-05-04T08:39:52","slug":"nadacia-otvorenej-spolocnosti-ocenila-najkvalitnejsie-prace-slovenskych-novinarov","status":"publish","type":"post","link":"https:\/\/literarnenoviny.sk\/servis\/nadacia-otvorenej-spolocnosti-ocenila-najkvalitnejsie-prace-slovenskych-novinarov\/","title":{"rendered":"Nad\u00e1cia otvorenej spolo\u010dnosti ocenila najkvalitnej\u0161ie pr\u00e1ce slovensk\u00fdch novin\u00e1rov"},"content":{"rendered":"<p><strong><a href=\"http:\/\/osf.sk\/\" rel=\"noopener\" target=\"_blank\">Nad\u00e1cia otvorenej spolo\u010dnosti<\/a> vyhl\u00e1sila v\u00ed\u0165azov 14.&nbsp;ro\u010dn\u00edka prest\u00ed\u017eneho ocenenia <a href=\"http:\/\/www.novinarskacena.sk\/vitazi-2017\" rel=\"noopener\" target=\"_blank\">Novin\u00e1rska cena<\/a><\/strong>. Laure\u00e1ti si svoje ocenenia v&nbsp;jednotliv\u00fdch s\u00fa\u0165a\u017en\u00fdch kateg\u00f3ri\u00e1ch a&nbsp;v&nbsp;\u0161peci\u00e1lnych cen\u00e1ch za&nbsp;rok 2017 prevzali po\u010das sl\u00e1vnostn\u00e9ho ve\u010dera v&nbsp;Bratislave.<\/p>\n<p>Sedem ocenen\u00ed z\u00edskal <em><a href=\"https:\/\/dennikn.sk\/\" rel=\"noopener\" target=\"_blank\">Denn\u00edk N<\/a><\/em>, \u0161tyri ocenenia port\u00e1l <em><a href=\"https:\/\/www.aktuality.sk\/\" rel=\"noopener\" target=\"_blank\">Aktuality.sk<\/a><\/em>, tri denn\u00edk <em><a href=\"https:\/\/www.sme.sk\/\" rel=\"noopener\" target=\"_blank\">Sme<\/a><\/em> a&nbsp;po&nbsp;jednej <em><a href=\"https:\/\/www.etrend.sk\/\" rel=\"noopener\" target=\"_blank\">Trend<\/a><\/em> a&nbsp;<em><a href=\"https:\/\/korzar.sme.sk\/\" rel=\"noopener\" target=\"_blank\">Korz\u00e1r<\/a><\/em>. V\u0161etky tri ceny za&nbsp;audiovizu\u00e1lnu \u017eurnalistiku z\u00edskali redaktori <em><a href=\"http:\/\/www.rtvs.sk\/\" rel=\"noopener\" target=\"_blank\">RTVS<\/a><\/em>.<\/p>\n<p>Tohtoro\u010dn\u00e9 podujatie bolo venovan\u00e9 pamiatke zavra\u017eden\u00e9ho novin\u00e1ra port\u00e1lu <em>Aktuality.sk<\/em>, J\u00e1na Kuciaka. Ten sa&nbsp;stal in memoriam aj dr\u017eite\u013eom \u0160peci\u00e1lneho ocenenia Novin\u00e1rskej ceny a&nbsp;Fondu investigat\u00edvnej \u017eurnalistiky, ktor\u00fd vznikol ako iniciat\u00edva Rady s\u00fa\u0165a\u017ee Novin\u00e1rska cena.<\/p>\n<p>S\u00fa\u010das\u0165ou ve\u010dera bolo aj odovzdanie Ceny \u010cesko-slovenskej verejnosti. Ocenen\u00e1 \u010desk\u00e1 novin\u00e1rka Sa\u0161a Uhlov\u00e1 si ocenenie prevezme v&nbsp;Prahe.<\/p>\n<p style=\"text-align: right;\"><small><a href=\"http:\/\/www.novinarskacena.sk\/vitazi-2017\" target=\"_blank\">Nad\u00e1cia otvorenej spolo\u010dnosti<\/a><\/small><\/p>\n","protected":false},"excerpt":{"rendered":"<p>Nad\u00e1cia otvorenej spolo\u010dnosti zverejnila v\u00fdsledky 14.&nbsp;ro\u010dn\u00edka ocenenia Novin\u00e1rska cena. Laure\u00e1ti  jednotliv\u00fdch s\u00fa\u0165a\u017en\u00fdch kateg\u00f3ri\u00ed si na&nbsp;po\u010das sl\u00e1vnostn\u00e9ho ve\u010dera v&nbsp;Bratislave prevzali svoje ceny za&nbsp;rok 2017. Tohtoro\u010dne podujatie bolo venovan\u00e9 pamiatke zavra\u017eden\u00e9ho novin\u00e1ra J\u00e1na Kuciaka. <a href=\"https:\/\/literarnenoviny.sk\/servis\/nadacia-otvorenej-spolocnosti-ocenila-najkvalitnejsie-prace-slovenskych-novinarov\/\" class=\"more-link\">Cel\u00e1 spr\u00e1va <span class=\"meta-nav\">&rarr;<\/span><\/a><\/p>\n","protected":false},"author":2,"featured_media":0,"comment_status":"closed","ping_status":"closed","sticky":false,"template":"","format":"standard","meta":{"_links_to":"","_links_to_target":""},"categories":[1],"tags":[21,27],"_links":{"self":[{"href":"https:\/\/literarnenoviny.sk\/servis\/wp-json\/wp\/v2\/posts\/2816"}],"collection":[{"href":"https:\/\/literarnenoviny.sk\/servis\/wp-json\/wp\/v2\/posts"}],"about":[{"href":"https:\/\/literarnenoviny.sk\/servis\/wp-json\/wp\/v2\/types\/post"}],"author":[{"embeddable":true,"href":"https:\/\/literarnenoviny.sk\/servis\/wp-json\/wp\/v2\/users\/2"}],"replies":[{"embeddable":true,"href":"https:\/\/literarnenoviny.sk\/servis\/wp-json\/wp\/v2\/comments?post=2816"}],"version-history":[{"count":0,"href":"https:\/\/literarnenoviny.sk\/servis\/wp-json\/wp\/v2\/posts\/2816\/revisions"}],"wp:attachment":[{"href":"https:\/\/literarnenoviny.sk\/servis\/wp-json\/wp\/v2\/media?parent=2816"}],"wp:term":[{"taxonomy":"category","embeddable":true,"href":"https:\/\/literarnenoviny.sk\/servis\/wp-json\/wp\/v2\/categories?post=2816"},{"taxonomy":"post_tag","embeddable":true,"href":"https:\/\/literarnenoviny.sk\/servis\/wp-json\/wp\/v2\/tags?post=2816"}],"curies":[{"name":"wp","href":"https:\/\/api.w.org\/{rel}","templated":true}]}}