{"id":2767,"date":"2018-04-30T14:30:07","date_gmt":"2018-04-30T12:30:07","guid":{"rendered":"https:\/\/literarnenoviny.sk\/servis\/?p=2767"},"modified":"2018-05-01T00:48:21","modified_gmt":"2018-04-30T22:48:21","slug":"signatari-z-iniciativy-kulturny-reparat-budu-vo-stvrtok-protestovat-pred-uradom-vlady","status":"publish","type":"post","link":"https:\/\/literarnenoviny.sk\/servis\/signatari-z-iniciativy-kulturny-reparat-budu-vo-stvrtok-protestovat-pred-uradom-vlady\/","title":{"rendered":"Signat\u00e1ri z&nbsp;iniciat\u00edvy Kult\u00farny repar\u00e1t bud\u00fa vo&nbsp;\u0161tvrtok protestova\u0165 pred \u00daradom vl\u00e1dy"},"content":{"rendered":"<p><strong>Signat\u00e1ri z&nbsp;iniciat\u00edvy <a href=\"http:\/\/kulturnyreparat.sk\/\" rel=\"noopener\" target=\"_blank\">Kult\u00farny repar\u00e1t<\/a> bud\u00fa vo&nbsp;\u0161tvrtok o&nbsp;8.45 protestova\u0165 pred \u00daradom vl\u00e1dy<\/strong>. \u017diadaj\u00fa odchod ministerky kult\u00fary \u013dubice La\u0161\u0161\u00e1kovej.<\/p>\n<p><center><iframe loading=\"lazy\" src=\"https:\/\/www.facebook.com\/plugins\/post.php?href=https%3A%2F%2Fwww.facebook.com%2Fliterarnenoviny%2Fposts%2F2001936813391951&#038;width=500\" width=\"500\" height=\"450\" style=\"border:none;overflow:hidden\" scrolling=\"no\" frameborder=\"0\" allowTransparency=\"true\" allow=\"encrypted-media\"><\/iframe><\/center><\/p>\n<p><em>\u201eVyzveme predsedu vl\u00e1dy Petra Pellegriniho otvoren\u00fdm listom, aby ju odvolal z&nbsp;funkcie a&nbsp;nominoval nov\u00e9ho, kompetentn\u00e9ho a&nbsp;mor\u00e1lne nespochybnite\u013en\u00e9ho kandid\u00e1ta, \u010di&nbsp;kandid\u00e1tku,<\/em>\u201c uv\u00e1dzaj\u00fa predstavitelia iniciat\u00edvy na&nbsp;<a href=\"https:\/\/www.facebook.com\/events\/243421322892235\/\" rel=\"noopener\" target=\"_blank\">facebookovej str\u00e1nke<\/a>.<\/p>\n<p>\u00daraduj\u00facej ministerke vy\u010d\u00edtaj\u00fa predov\u0161etk\u00fdm jej nekompetentnos\u0165, netransparentnos\u0165 a&nbsp;ne\u010dinnos\u0165 vo\u010di obmedzovaniu slobody slova.<\/p>\n<p style=\"text-align: right;\"><small><a href=\"http:\/\/kulturnyreparat.sk\/\" target=\"_blank\">Kult\u00farny repar\u00e1t<\/a><\/small><\/p>\n","protected":false},"excerpt":{"rendered":"<p>Signat\u00e1ri z&nbsp;iniciat\u00edvy Kult\u00farny repar\u00e1t bud\u00fa vo&nbsp;\u0161tvrtok protestova\u0165 pred \u00daradom vl\u00e1dy. \u017diadaj\u00fa odchod ministerky kult\u00fary \u013dubice La\u0161\u0161\u00e1kovej. \u00daraduj\u00facej ministerke vy\u010d\u00edtaj\u00fa predov\u0161etk\u00fdm jej nekompetentnos\u0165, netransparentnos\u0165 a&nbsp;ne\u010dinnos\u0165 vo\u010di obmedzovaniu slobody slova. <a href=\"https:\/\/literarnenoviny.sk\/servis\/signatari-z-iniciativy-kulturny-reparat-budu-vo-stvrtok-protestovat-pred-uradom-vlady\/\" class=\"more-link\">Cel\u00e1 spr\u00e1va <span class=\"meta-nav\">&rarr;<\/span><\/a><\/p>\n","protected":false},"author":2,"featured_media":0,"comment_status":"closed","ping_status":"closed","sticky":false,"template":"","format":"standard","meta":{"_links_to":"","_links_to_target":""},"categories":[1],"tags":[37,33,76,23],"_links":{"self":[{"href":"https:\/\/literarnenoviny.sk\/servis\/wp-json\/wp\/v2\/posts\/2767"}],"collection":[{"href":"https:\/\/literarnenoviny.sk\/servis\/wp-json\/wp\/v2\/posts"}],"about":[{"href":"https:\/\/literarnenoviny.sk\/servis\/wp-json\/wp\/v2\/types\/post"}],"author":[{"embeddable":true,"href":"https:\/\/literarnenoviny.sk\/servis\/wp-json\/wp\/v2\/users\/2"}],"replies":[{"embeddable":true,"href":"https:\/\/literarnenoviny.sk\/servis\/wp-json\/wp\/v2\/comments?post=2767"}],"version-history":[{"count":0,"href":"https:\/\/literarnenoviny.sk\/servis\/wp-json\/wp\/v2\/posts\/2767\/revisions"}],"wp:attachment":[{"href":"https:\/\/literarnenoviny.sk\/servis\/wp-json\/wp\/v2\/media?parent=2767"}],"wp:term":[{"taxonomy":"category","embeddable":true,"href":"https:\/\/literarnenoviny.sk\/servis\/wp-json\/wp\/v2\/categories?post=2767"},{"taxonomy":"post_tag","embeddable":true,"href":"https:\/\/literarnenoviny.sk\/servis\/wp-json\/wp\/v2\/tags?post=2767"}],"curies":[{"name":"wp","href":"https:\/\/api.w.org\/{rel}","templated":true}]}}