{"id":2757,"date":"2018-04-26T14:30:09","date_gmt":"2018-04-26T12:30:09","guid":{"rendered":"https:\/\/literarnenoviny.sk\/servis\/?p=2757"},"modified":"2018-04-26T17:56:14","modified_gmt":"2018-04-26T15:56:14","slug":"sefka-rozhlasovych-sprav-rtvs-sa-ako-hovorkyna-vyhrazala-dokumentaristom","status":"publish","type":"post","link":"https:\/\/literarnenoviny.sk\/servis\/sefka-rozhlasovych-sprav-rtvs-sa-ako-hovorkyna-vyhrazala-dokumentaristom\/","title":{"rendered":"\u0160\u00e9fka rozhlasov\u00fdch spr\u00e1v RTVS sa&nbsp;ako hovorky\u0148a vyhr\u00e1\u017eala dokumentaristom"},"content":{"rendered":"<p><strong>\u0160\u00e9fka verejnopr\u00e1vneho rozhlasov\u00e9ho spravodajstva Petra Stano Ma\u0165a\u0161ovsk\u00e1 sa&nbsp;ako hovorky\u0148a nemocnice vyhr\u00e1\u017eala produkcii dokumentu o&nbsp;p\u00f4rodoch <em><a href=\"http:\/\/beforeimetyoufilm.com\/sk\/\" rel=\"noopener\" target=\"_blank\">Medzi nami<\/a><\/em><\/strong> <em>(Before I&nbsp;Met You)<\/em>. <a href=\"https:\/\/dennikn.sk\/blog\/1106888\/sefka-rozhlasovych-sprav-rtvs-chcela-film-o-porodoch-zastavit-vyhrazkami-dodnes-o-nom-klame\/\" rel=\"noopener\" target=\"_blank\">Vo svojom blogu<\/a> to nap\u00edsala re\u017eis\u00e9rka re\u017eis\u00e9rka Zuzana L\u00edmov\u00e1.<\/p>\n<p><center><iframe loading=\"lazy\" width=\"560\" height=\"315\" src=\"https:\/\/www.youtube.com\/embed\/iiEfB2sghVY?rel=0&amp;showinfo=0\" frameborder=\"0\" allow=\"autoplay; encrypted-media\" allowfullscreen><\/iframe><\/center><\/p>\n<p>Talianskemu producentovi, <a href=\"https:\/\/www.zeligfilm.it\/\" rel=\"noopener\" target=\"_blank\">filmovej \u0161kole ZeLIG<\/a>, pod\u013ea L\u00edmovej e-mailom adresovala ultim\u00e1tum. <em>\u201eAk trailer neodstr\u00e1nite z&nbsp;internetu a&nbsp;z&nbsp;va\u0161ej webstr\u00e1nky do&nbsp;piatkov\u00e9ho ve\u010dera alebo sa&nbsp;opov\u00e1\u017eite uverejni\u0165 cel\u00fd dokument, na\u0161i pr\u00e1vnici si spravia svoju robotu.\u201c<\/em><\/p>\n<p>Premi\u00e9ra kritick\u00e9ho dokument\u00e1rneho filmu sa&nbsp;nakoniec posunula o&nbsp;nieko\u013eko mesiacov.<\/p>\n<p style=\"text-align: right;\"><small><a href=\"https:\/\/dennikn.sk\/blog\/1106888\/sefka-rozhlasovych-sprav-rtvs-chcela-film-o-porodoch-zastavit-vyhrazkami-dodnes-o-nom-klame\/\" target=\"_blank\">Blog Zuzany L\u00edmovej<\/a><\/small><\/p>\n","protected":false},"excerpt":{"rendered":"<p>\u0160\u00e9fka verejnopr\u00e1vneho rozhlasov\u00e9ho spravodajstva Petra Stano Ma\u0165a\u0161ovsk\u00e1 sa&nbsp;ako hovorky\u0148a nemocnice vyhr\u00e1\u017eala talianskej produkcii dokumentu o&nbsp;p\u00f4rodoch Medzi nami. Vo&nbsp;svojom blogu to nap\u00edsala re\u017eis\u00e9rka Zuzana L\u00edmov\u00e1. <a href=\"https:\/\/literarnenoviny.sk\/servis\/sefka-rozhlasovych-sprav-rtvs-sa-ako-hovorkyna-vyhrazala-dokumentaristom\/\" class=\"more-link\">Cel\u00e1 spr\u00e1va <span class=\"meta-nav\">&rarr;<\/span><\/a><\/p>\n","protected":false},"author":2,"featured_media":0,"comment_status":"closed","ping_status":"closed","sticky":false,"template":"","format":"standard","meta":{"_links_to":"","_links_to_target":""},"categories":[1],"tags":[37,16,33,27],"_links":{"self":[{"href":"https:\/\/literarnenoviny.sk\/servis\/wp-json\/wp\/v2\/posts\/2757"}],"collection":[{"href":"https:\/\/literarnenoviny.sk\/servis\/wp-json\/wp\/v2\/posts"}],"about":[{"href":"https:\/\/literarnenoviny.sk\/servis\/wp-json\/wp\/v2\/types\/post"}],"author":[{"embeddable":true,"href":"https:\/\/literarnenoviny.sk\/servis\/wp-json\/wp\/v2\/users\/2"}],"replies":[{"embeddable":true,"href":"https:\/\/literarnenoviny.sk\/servis\/wp-json\/wp\/v2\/comments?post=2757"}],"version-history":[{"count":0,"href":"https:\/\/literarnenoviny.sk\/servis\/wp-json\/wp\/v2\/posts\/2757\/revisions"}],"wp:attachment":[{"href":"https:\/\/literarnenoviny.sk\/servis\/wp-json\/wp\/v2\/media?parent=2757"}],"wp:term":[{"taxonomy":"category","embeddable":true,"href":"https:\/\/literarnenoviny.sk\/servis\/wp-json\/wp\/v2\/categories?post=2757"},{"taxonomy":"post_tag","embeddable":true,"href":"https:\/\/literarnenoviny.sk\/servis\/wp-json\/wp\/v2\/tags?post=2757"}],"curies":[{"name":"wp","href":"https:\/\/api.w.org\/{rel}","templated":true}]}}