{"id":2748,"date":"2018-04-25T18:04:41","date_gmt":"2018-04-25T16:04:41","guid":{"rendered":"https:\/\/literarnenoviny.sk\/servis\/?p=2748"},"modified":"2018-04-28T12:17:03","modified_gmt":"2018-04-28T10:17:03","slug":"svedska-akademia-uvazuje-o-neudeleni-tohtorocnej-nobelovej-ceny-za-literaturu","status":"publish","type":"post","link":"https:\/\/literarnenoviny.sk\/servis\/svedska-akademia-uvazuje-o-neudeleni-tohtorocnej-nobelovej-ceny-za-literaturu\/","title":{"rendered":"\u0160v\u00e9dska akad\u00e9mia uva\u017euje o&nbsp;neudelen\u00ed tohtoro\u010dnej Nobelovej ceny za&nbsp;literat\u00faru"},"content":{"rendered":"<p><strong><a href=\"https:\/\/sk.wikipedia.org\/wiki\/Zoznam_nosite\u013eov_Nobelovej_ceny_za_literat\u00faru\" rel=\"noopener\" target=\"_blank\">Nobelovu cena za&nbsp;literat\u00faru<\/a> mo\u017eno tento rok neudelia. Uva\u017euje o&nbsp;tom \u0160v\u00e9dska akad\u00e9mia<\/strong>, ktor\u00fa zasiahlo nieko\u013eko \u0161kand\u00e1lov a&nbsp;opustilo ju viacero \u010dlenov.<\/p>\n<p>Do\u010dasn\u00fd predseda akad\u00e9mie nazna\u010dil, \u017ee&nbsp;ned\u00e1vna vn\u00fatorn\u00e1 kr\u00edza v&nbsp;sekci, ktor\u00e1 ude\u013euje Nobelovu cenu za&nbsp;literat\u00faru, m\u00f4\u017ee znamena\u0165 odlo\u017eenie tohtoro\u010dnej ceny. Profesor <a href=\"https:\/\/en.wikipedia.org\/wiki\/Anders_Olsson_(writer)\" rel=\"noopener\" target=\"_blank\">Anders Olsson<\/a> \u0161v\u00e9dskemu rozhlasu povedal, \u017ee&nbsp;akad\u00e9mia o&nbsp;tom diskutuje, ale zatia\u013e odmietol uvies\u0165 podrobnosti.<\/p>\n<p>Historik a&nbsp;spisovate\u013e <a href=\"https:\/\/cs.wikipedia.org\/wiki\/Peter_Englund\" rel=\"noopener\" target=\"_blank\">Peter Englund<\/a>, ktor\u00fd na&nbsp;protest z&nbsp;akad\u00e9mie odi\u0161iel, pripustil, \u017ee&nbsp;<em>\u201easi najlep\u0161ie by ju bolo  odlo\u017ei\u0165\u201c<\/em>.<\/p>\n<p>\u0160v\u00e9dsky kr\u00e1\u013e Karol XVI. Gust\u00e1v u\u017e&nbsp;sk\u00f4r <a href=\"https:\/\/literarnenoviny.sk\/servis\/svedsky-kral-zmeni-stanovy-akademie-ktora-udeluje-nobelovu-cenu-za-literaturu\/\" rel=\"noopener\" target=\"_blank\">ozn\u00e1mil<\/a> zmenu stanov akad\u00e9mie.<\/p>\n<p style=\"text-align: right;\"><small><a href=\"https:\/\/www.nytimes.com\/aponline\/2018\/04\/25\/world\/europe\/ap-eu-sweden-nobel.html\" target=\"_blank\">The New York Times<\/a><\/small><\/p>\n","protected":false},"excerpt":{"rendered":"<p>Nobelovu cena za&nbsp;literat\u00faru mo\u017eno tento rok neudelia. Uva\u017euje o&nbsp;tom \u0160v\u00e9dska akad\u00e9mia, ktor\u00fa zasiahlo nieko\u013eko \u0161kand\u00e1lov a&nbsp;opustilo ju viacero \u010dlenov. Kr\u00e1\u013e Karol XVI. Gust\u00e1v u\u017e&nbsp;sk\u00f4r ozn\u00e1mil, \u017ee&nbsp;zmen\u00ed stanovy akad\u00e9mie. <a href=\"https:\/\/literarnenoviny.sk\/servis\/svedska-akademia-uvazuje-o-neudeleni-tohtorocnej-nobelovej-ceny-za-literaturu\/\" class=\"more-link\">Cel\u00e1 spr\u00e1va <span class=\"meta-nav\">&rarr;<\/span><\/a><\/p>\n","protected":false},"author":2,"featured_media":0,"comment_status":"closed","ping_status":"closed","sticky":false,"template":"","format":"standard","meta":{"_links_to":"","_links_to_target":""},"categories":[1],"tags":[4,21],"_links":{"self":[{"href":"https:\/\/literarnenoviny.sk\/servis\/wp-json\/wp\/v2\/posts\/2748"}],"collection":[{"href":"https:\/\/literarnenoviny.sk\/servis\/wp-json\/wp\/v2\/posts"}],"about":[{"href":"https:\/\/literarnenoviny.sk\/servis\/wp-json\/wp\/v2\/types\/post"}],"author":[{"embeddable":true,"href":"https:\/\/literarnenoviny.sk\/servis\/wp-json\/wp\/v2\/users\/2"}],"replies":[{"embeddable":true,"href":"https:\/\/literarnenoviny.sk\/servis\/wp-json\/wp\/v2\/comments?post=2748"}],"version-history":[{"count":0,"href":"https:\/\/literarnenoviny.sk\/servis\/wp-json\/wp\/v2\/posts\/2748\/revisions"}],"wp:attachment":[{"href":"https:\/\/literarnenoviny.sk\/servis\/wp-json\/wp\/v2\/media?parent=2748"}],"wp:term":[{"taxonomy":"category","embeddable":true,"href":"https:\/\/literarnenoviny.sk\/servis\/wp-json\/wp\/v2\/categories?post=2748"},{"taxonomy":"post_tag","embeddable":true,"href":"https:\/\/literarnenoviny.sk\/servis\/wp-json\/wp\/v2\/tags?post=2748"}],"curies":[{"name":"wp","href":"https:\/\/api.w.org\/{rel}","templated":true}]}}