{"id":2737,"date":"2018-04-25T08:15:16","date_gmt":"2018-04-25T06:15:16","guid":{"rendered":"https:\/\/literarnenoviny.sk\/servis\/?p=2737"},"modified":"2023-03-11T23:33:42","modified_gmt":"2023-03-11T22:33:42","slug":"slovensko-sa-v-rebricku-slobody-tlace-medzirocne-prepadlo-az-o-desat-priecok","status":"publish","type":"post","link":"https:\/\/literarnenoviny.sk\/servis\/slovensko-sa-v-rebricku-slobody-tlace-medzirocne-prepadlo-az-o-desat-priecok\/","title":{"rendered":"Slovensko sa&nbsp;v&nbsp;rebr\u00ed\u010dku slobody tla\u010de medziro\u010dne prepadlo a\u017e o&nbsp;desa\u0165 prie\u010dok"},"content":{"rendered":"<p><strong>Slovensko sa&nbsp;v&nbsp;<a href=\"https:\/\/rsf.org\/fr\/classement\" rel=\"noopener\" target=\"_blank\">rebr\u00ed\u010dku slobody tla\u010de<\/a> organiz\u00e1cie <a href=\"https:\/\/rsf.org\" rel=\"noopener\" target=\"_blank\">Report\u00e9ri bez hran\u00edc<\/a> medziro\u010dne prepadlo o&nbsp;desa\u0165 prie\u010dok<\/strong>. Oproti minul\u00e9mu roku kleslo zo&nbsp;sedemn\u00e1steho miesta a\u017e na&nbsp;dvadsiate siedme. Okrem Slovenska sloboda tla\u010de v\u00fdrazne klesla aj v&nbsp;\u010cesku, Malte a&nbsp;Srbsku.<\/p>\n<p><em>\u201eVra\u017eda report\u00e9ra J\u00e1na Kuciaka vo&nbsp;febru\u00e1ri 2018 vyvolala nev\u00eddan\u00e9 politick\u00e9 zemetrasenie na&nbsp;Slovensku a&nbsp;otriasla aj medzin\u00e1rodn\u00fdm spolo\u010denstvom,\u201c<\/em> p\u00ed\u0161e sa&nbsp;v&nbsp;najnov\u0161ej spr\u00e1ve o&nbsp;slobode tla\u010de, ktor\u00fa organiz\u00e1cia <a href=\"https:\/\/rsf.org\/en\/slovakia\" rel=\"noopener\" target=\"_blank\">zverejnila na&nbsp;svojom webe<\/a>.<\/p>\n<p><center><!-- iframe src=\"https:\/\/www.facebook.com\/plugins\/post.php?href=https%3A%2F%2Fwww.facebook.com%2FReporterssansfrontieres%2Fposts%2F10155531007558424&width=500\" width=\"500\" height=\"457\" style=\"border:none;overflow:hidden\" scrolling=\"no\" frameborder=\"0\" allowTransparency=\"true\" allow=\"encrypted-media\"><\/iframe --><br \/>\n<iframe loading=\"lazy\" src=\"https:\/\/www.facebook.com\/plugins\/post.php?href=https%3A%2F%2Fwww.facebook.com%2F24hodin.sk%2Fposts%2Fpfbid0ARAaBsyd4WQxihPs7octLZ1PF7h5tnjjMBEkBnjLepdzg5aS9K67oM8kKrDk336jl&#038;width=460&#038;show_text=true&#038;appId=2424319851126972&#038;height=550\" width=\"460\" height=\"550\" style=\"border:none;overflow:hidden\" scrolling=\"no\" frameborder=\"0\" allowfullscreen=\"true\" allow=\"autoplay; clipboard-write; encrypted-media; picture-in-picture; web-share\"><\/iframe><\/p>\n<p><\/center><\/p>\n<p>Report\u00e9ri bez hran\u00edc vidia za&nbsp;zhor\u0161uj\u00facou sa&nbsp;situ\u00e1ciou najm\u00e4 nepriate\u013esk\u00e9 prostredie vo\u010di novin\u00e1rom, ktor\u00e9 vytv\u00e1raj\u00fa politici. <\/p>\n<p>B\u00fdval\u00fd premi\u00e9r Robert Fico novin\u00e1rom \u010dasto neodpovedal na&nbsp;ot\u00e1zky, naz\u00fdval ich \u0161pinav\u00fdmi protislovensk\u00fdmi prostit\u00fatkami, hyenami a&nbsp;s\u00fadil sa&nbsp;s&nbsp;nimi.<\/p>\n<p>Spr\u00e1va upozor\u0148uje aj na&nbsp;kroky riadite\u013ea verejnopr\u00e1vneho rozhlasu a&nbsp;telev\u00edzie Jaroslava Rezn\u00edka, ktor\u00fd namiesto posil\u0148ovania slobody slova ju, naopak, tie\u017e potl\u00e1\u010da.<\/p>\n<p>Re\u0161pektovan\u00e1 medzin\u00e1rodn\u00e1 organiz\u00e1cia <a href=\"https:\/\/literarnenoviny.sk\/servis\/reporteri-bez-hranic-kritizuju-sefa-verejnopravnej-rtvs-jaroslava-reznika\/\" rel=\"noopener\" target=\"_blank\">tieto skuto\u010dnosti<\/a> u\u017e&nbsp;predt\u00fdm kritizovala.  <\/p>\n<p style=\"text-align: right;\"><small><a href=\"https:\/\/rsf.org\/en\/slovakia\" target=\"_blank\" rel=\"noopener\">RSF<\/a><\/small><\/p>\n","protected":false},"excerpt":{"rendered":"<p>Slovensko sa&nbsp;v&nbsp;rebr\u00ed\u010dku slobody tla\u010de organiz\u00e1cie Report\u00e9ri bez hran\u00edc medziro\u010dne prepadlo a\u017e o&nbsp;desa\u0165 prie\u010dok. Oproti minul\u00e9mu roku kleslo zo&nbsp;sedemn\u00e1steho miesta a\u017e na&nbsp;dvadsiate siedme. Okrem Slovenska sloboda tla\u010de v\u00fdrazne klesla aj v&nbsp;\u010cesku, Malte a&nbsp;Srbsku. <a href=\"https:\/\/literarnenoviny.sk\/servis\/slovensko-sa-v-rebricku-slobody-tlace-medzirocne-prepadlo-az-o-desat-priecok\/\" class=\"more-link\">Cel\u00e1 spr\u00e1va <span class=\"meta-nav\">&rarr;<\/span><\/a><\/p>\n","protected":false},"author":2,"featured_media":0,"comment_status":"closed","ping_status":"closed","sticky":false,"template":"","format":"standard","meta":{"_links_to":"","_links_to_target":""},"categories":[1],"tags":[37,33,27],"_links":{"self":[{"href":"https:\/\/literarnenoviny.sk\/servis\/wp-json\/wp\/v2\/posts\/2737"}],"collection":[{"href":"https:\/\/literarnenoviny.sk\/servis\/wp-json\/wp\/v2\/posts"}],"about":[{"href":"https:\/\/literarnenoviny.sk\/servis\/wp-json\/wp\/v2\/types\/post"}],"author":[{"embeddable":true,"href":"https:\/\/literarnenoviny.sk\/servis\/wp-json\/wp\/v2\/users\/2"}],"replies":[{"embeddable":true,"href":"https:\/\/literarnenoviny.sk\/servis\/wp-json\/wp\/v2\/comments?post=2737"}],"version-history":[{"count":0,"href":"https:\/\/literarnenoviny.sk\/servis\/wp-json\/wp\/v2\/posts\/2737\/revisions"}],"wp:attachment":[{"href":"https:\/\/literarnenoviny.sk\/servis\/wp-json\/wp\/v2\/media?parent=2737"}],"wp:term":[{"taxonomy":"category","embeddable":true,"href":"https:\/\/literarnenoviny.sk\/servis\/wp-json\/wp\/v2\/categories?post=2737"},{"taxonomy":"post_tag","embeddable":true,"href":"https:\/\/literarnenoviny.sk\/servis\/wp-json\/wp\/v2\/tags?post=2737"}],"curies":[{"name":"wp","href":"https:\/\/api.w.org\/{rel}","templated":true}]}}