{"id":2704,"date":"2018-04-20T08:15:11","date_gmt":"2018-04-20T06:15:11","guid":{"rendered":"https:\/\/literarnenoviny.sk\/servis\/?p=2704"},"modified":"2018-04-21T12:08:27","modified_gmt":"2018-04-21T10:08:27","slug":"obec-spisovatelov-slovenska-vyjadrila-svoju-podporu-vyzve-kulturny-reparat","status":"publish","type":"post","link":"https:\/\/literarnenoviny.sk\/servis\/obec-spisovatelov-slovenska-vyjadrila-svoju-podporu-vyzve-kulturny-reparat\/","title":{"rendered":"Obec spisovate\u013eov Slovenska vyjadrila svoju podporu v\u00fdzve Kult\u00farny repar\u00e1t"},"content":{"rendered":"<p><strong><a href=\"https:\/\/www.slovakwriters.com\/\" rel=\"noopener\" target=\"_blank\">Obec spisovate\u013eov Slovenska<\/a> vyjadrila podporu v\u00fdzve <a href=\"http:\/\/kulturnyreparat.sk\" rel=\"noopener\" target=\"_blank\">Kult\u00farny repar\u00e1t<\/a><\/strong>, ktor\u00e1 po\u017eaduje odst\u00fapenie ministerky kult\u00fary \u013dubice La\u0161\u0161\u00e1kovej.<\/p>\n<p><center><iframe loading=\"lazy\" src=\"https:\/\/www.facebook.com\/plugins\/post.php?href=https%3A%2F%2Fwww.facebook.com%2Fkulturnyreparat%2Fposts%2F2107128729518512&#038;width=500\" width=\"500\" height=\"281\" style=\"border:none;overflow:hidden\" scrolling=\"no\" frameborder=\"0\" allowTransparency=\"true\" allow=\"encrypted-media\"><\/iframe><\/center><\/p>\n<p><em>\u201eK iniciat\u00edve Kult\u00farny repar\u00e1t sa&nbsp;prip\u00e1jame nielen prostredn\u00edctvom na\u0161ich \u010dlenov, ale aj ako organiz\u00e1cia zdru\u017euj\u00faca spisovate\u013eov \u017eij\u00facich na&nbsp;Slovensku aj v&nbsp;zahrani\u010d\u00ed.<\/p>\n<p>Sme v\u00e1\u017ene znepokojen\u00ed s\u00fa\u010dasn\u00fdm stavom na\u0161ej spolo\u010dnosti a&nbsp;najm\u00e4 neochotou zodpovedn\u00fdch prist\u00fapi\u0165 k&nbsp;r\u00e1znym krokom k&nbsp;n\u00e1vratu d\u00f4very ob\u010danov v&nbsp;\u0161t\u00e1tne in\u0161tit\u00facie,\u201c<\/em> uv\u00e1dza sa&nbsp;vo&nbsp;vyhl\u00e1sen\u00ed Obce spisovate\u013eov Slovenska.<\/p>\n<p style=\"text-align: right;\"><small><a href=\"https:\/\/www.facebook.com\/kulturnyreparat\/\" target=\"_blank\">Kult\u00farny repar\u00e1t<\/a><\/small><\/p>\n","protected":false},"excerpt":{"rendered":"<p>Obec spisovate\u013eov Slovenska vyjadrila podporu v\u00fdzve Kult\u00farny repar\u00e1t, ktor\u00e1 po\u017eaduje odst\u00fapenie ministerky \u013dubice La\u0161\u0161\u00e1kovej.  Stoto\u017e\u0148uj\u00fa sa&nbsp;so&nbsp;signat\u00e1rmi, \u017ee&nbsp;ministerka nesp\u013a\u0148a z\u00e1kladn\u00e9 etick\u00e9 po\u017eiadavky na&nbsp;spravovanie tak\u00e9ho \u00faradu ak\u00fdm je&nbsp;ministerstvo kult\u00fary. <a href=\"https:\/\/literarnenoviny.sk\/servis\/obec-spisovatelov-slovenska-vyjadrila-svoju-podporu-vyzve-kulturny-reparat\/\" class=\"more-link\">Cel\u00e1 spr\u00e1va <span class=\"meta-nav\">&rarr;<\/span><\/a><\/p>\n","protected":false},"author":2,"featured_media":0,"comment_status":"closed","ping_status":"closed","sticky":false,"template":"","format":"standard","meta":{"_links_to":"","_links_to_target":""},"categories":[1],"tags":[3,76,23],"_links":{"self":[{"href":"https:\/\/literarnenoviny.sk\/servis\/wp-json\/wp\/v2\/posts\/2704"}],"collection":[{"href":"https:\/\/literarnenoviny.sk\/servis\/wp-json\/wp\/v2\/posts"}],"about":[{"href":"https:\/\/literarnenoviny.sk\/servis\/wp-json\/wp\/v2\/types\/post"}],"author":[{"embeddable":true,"href":"https:\/\/literarnenoviny.sk\/servis\/wp-json\/wp\/v2\/users\/2"}],"replies":[{"embeddable":true,"href":"https:\/\/literarnenoviny.sk\/servis\/wp-json\/wp\/v2\/comments?post=2704"}],"version-history":[{"count":0,"href":"https:\/\/literarnenoviny.sk\/servis\/wp-json\/wp\/v2\/posts\/2704\/revisions"}],"wp:attachment":[{"href":"https:\/\/literarnenoviny.sk\/servis\/wp-json\/wp\/v2\/media?parent=2704"}],"wp:term":[{"taxonomy":"category","embeddable":true,"href":"https:\/\/literarnenoviny.sk\/servis\/wp-json\/wp\/v2\/categories?post=2704"},{"taxonomy":"post_tag","embeddable":true,"href":"https:\/\/literarnenoviny.sk\/servis\/wp-json\/wp\/v2\/tags?post=2704"}],"curies":[{"name":"wp","href":"https:\/\/api.w.org\/{rel}","templated":true}]}}