{"id":2675,"date":"2018-04-19T19:00:08","date_gmt":"2018-04-19T17:00:08","guid":{"rendered":"https:\/\/literarnenoviny.sk\/servis\/?p=2675"},"modified":"2018-04-19T22:13:54","modified_gmt":"2018-04-19T20:13:54","slug":"v-budapesti-sa-zacal-jubilejny-25-rocnik-medzinarodneho-knizneho-festivalu","status":"publish","type":"post","link":"https:\/\/literarnenoviny.sk\/servis\/v-budapesti-sa-zacal-jubilejny-25-rocnik-medzinarodneho-knizneho-festivalu\/","title":{"rendered":"V Budape\u0161ti sa&nbsp;za\u010dal jubilejn\u00fd 25.&nbsp;ro\u010dn\u00edk Medzin\u00e1rodn\u00e9ho kni\u017en\u00e9ho festivalu"},"content":{"rendered":"<p><strong>V Budape\u0161ti sa&nbsp;za\u010dal jubilejn\u00fd 25.&nbsp;ro\u010dn\u00edk <a href=\"http:\/\/www.bookfestival.hu\" rel=\"noopener\" target=\"_blank\">Medzin\u00e1rodn\u00e9ho kni\u017en\u00e9ho festivalu<\/a><\/strong>. Aj tento rok na&nbsp;\u0148om bude zast\u00fapen\u00e1 slovensk\u00e1 literat\u00fara.<\/p>\n<p>Svoje najnov\u0161ie preklady v&nbsp;ma\u010far\u010dine predstavia slovensk\u00e9 autorky Irena Bre\u017en\u00e1, Ur\u0161u\u013ea Kovalyk, Jana Bodn\u00e1rov\u00e1 a&nbsp;Jana Jur\u00e1\u0148ov\u00e1 s&nbsp;J\u00faliou Sherwoodovou. <\/p>\n<p><center><\/p>\n<blockquote class=\"twitter-tweet\" data-lang=\"sk\">\n<p lang=\"en\" dir=\"ltr\"><a href=\"https:\/\/twitter.com\/hashtag\/Nobel?src=hash&amp;ref_src=twsrc%5Etfw\">#Nobel<\/a> Laureate <a href=\"https:\/\/twitter.com\/hashtag\/OrhanPamuk?src=hash&amp;ref_src=twsrc%5Etfw\">#OrhanPamuk<\/a>, <a href=\"https:\/\/twitter.com\/hashtag\/Visegrad?src=hash&amp;ref_src=twsrc%5Etfw\">#Visegrad<\/a> Group To Be Honorary Guests Of <a href=\"https:\/\/twitter.com\/hashtag\/Budapest?src=hash&amp;ref_src=twsrc%5Etfw\">#Budapest<\/a>&#39;s&nbsp;24th International <a href=\"https:\/\/twitter.com\/hashtag\/Book?src=hash&amp;ref_src=twsrc%5Etfw\">#Book<\/a> Festival <a href=\"https:\/\/t.co\/0wMMkIwr9w\">https:\/\/t.co\/0wMMkIwr9w<\/a> <a href=\"https:\/\/t.co\/bFDbyCRkZ3\">pic.twitter.com\/bFDbyCRkZ3<\/a><\/p>\n<p>&mdash; Hungary Today (@HungaryToday) <a href=\"https:\/\/twitter.com\/HungaryToday\/status\/847406064769187840?ref_src=twsrc%5Etfw\">30.&nbsp;marca 2017<\/a><\/p><\/blockquote>\n<p><script async src=\"https:\/\/platform.twitter.com\/widgets.js\" charset=\"utf-8\"><\/script><\/center><\/p>\n<p>Na festivale debutantov, ktor\u00fd je&nbsp;s\u00fa\u010das\u0165ou budape\u0161tianskeho kni\u017en\u00e9ho festivalu, bude Slovensko reprezentova\u0165 finalista minuloro\u010dnej ceny Anasoft Litera Jakub Juh\u00e1s. <\/p>\n<p>Podobne ako minul\u00fd rok, aj teraz bude rezonova\u0165 t\u00e9ma vy\u0161ehradskej \u0161tvorky, ke\u010f\u017ee sa&nbsp;krajiny bud\u00fa prezentova\u0165 spolo\u010dne. Autori vyst\u00fapia tie\u017e vo&nbsp;viacer\u00fdch debat\u00e1ch na&nbsp;rozli\u010dn\u00e9 spolo\u010densk\u00e9 a&nbsp;liter\u00e1rne t\u00e9my.<\/p>\n<p>Medzin\u00e1rodn\u00fd kni\u017en\u00fd festival v&nbsp;Budape\u0161ti sa&nbsp;za\u010d\u00edna vo&nbsp;\u0161tvrtok 19.&nbsp;apr\u00edla a&nbsp;potrv\u00e1 do&nbsp;nedele 22.&nbsp;apr\u00edla. Na&nbsp;podujat\u00ed sa&nbsp;predstav\u00ed 160 vystavovate\u013eov z&nbsp;26 kraj\u00edn.<\/p>\n<p style=\"text-align: right;\"><small><a href=\"http:\/\/bookfestival.hu\/en\" target=\"_blank\">International Book Festival Budapest<\/a><\/small><\/p>\n","protected":false},"excerpt":{"rendered":"<p>V Budape\u0161ti sa&nbsp;za\u010dal jubilejn\u00fd 25.&nbsp;ro\u010dn\u00edk Medzin\u00e1rodn\u00e9ho kni\u017en\u00e9ho festivalu. Aj tento rok na&nbsp;\u0148om bude zast\u00fapen\u00e1 slovensk\u00e1 literat\u00fara a&nbsp;svoje najnov\u0161ie preklady v&nbsp;ma\u010far\u010dine predstavia slovensk\u00e9 autorky Irena Bre\u017en\u00e1, Ur\u0161u\u013ea Kovalyk, Jana Bodn\u00e1rov\u00e1 a&nbsp;Jana Jur\u00e1\u0148ov\u00e1 s&nbsp;J\u00faliou Sherwood.  <a href=\"https:\/\/literarnenoviny.sk\/servis\/v-budapesti-sa-zacal-jubilejny-25-rocnik-medzinarodneho-knizneho-festivalu\/\" class=\"more-link\">Cel\u00e1 spr\u00e1va <span class=\"meta-nav\">&rarr;<\/span><\/a><\/p>\n","protected":false},"author":2,"featured_media":0,"comment_status":"closed","ping_status":"closed","sticky":false,"template":"","format":"standard","meta":{"_links_to":"","_links_to_target":""},"categories":[1],"tags":[15,14,3,8],"_links":{"self":[{"href":"https:\/\/literarnenoviny.sk\/servis\/wp-json\/wp\/v2\/posts\/2675"}],"collection":[{"href":"https:\/\/literarnenoviny.sk\/servis\/wp-json\/wp\/v2\/posts"}],"about":[{"href":"https:\/\/literarnenoviny.sk\/servis\/wp-json\/wp\/v2\/types\/post"}],"author":[{"embeddable":true,"href":"https:\/\/literarnenoviny.sk\/servis\/wp-json\/wp\/v2\/users\/2"}],"replies":[{"embeddable":true,"href":"https:\/\/literarnenoviny.sk\/servis\/wp-json\/wp\/v2\/comments?post=2675"}],"version-history":[{"count":0,"href":"https:\/\/literarnenoviny.sk\/servis\/wp-json\/wp\/v2\/posts\/2675\/revisions"}],"wp:attachment":[{"href":"https:\/\/literarnenoviny.sk\/servis\/wp-json\/wp\/v2\/media?parent=2675"}],"wp:term":[{"taxonomy":"category","embeddable":true,"href":"https:\/\/literarnenoviny.sk\/servis\/wp-json\/wp\/v2\/categories?post=2675"},{"taxonomy":"post_tag","embeddable":true,"href":"https:\/\/literarnenoviny.sk\/servis\/wp-json\/wp\/v2\/tags?post=2675"}],"curies":[{"name":"wp","href":"https:\/\/api.w.org\/{rel}","templated":true}]}}