{"id":2673,"date":"2018-04-19T14:00:22","date_gmt":"2018-04-19T12:00:22","guid":{"rendered":"https:\/\/literarnenoviny.sk\/servis\/?p=2673"},"modified":"2018-04-19T22:26:20","modified_gmt":"2018-04-19T20:26:20","slug":"cenu-jana-johanidesa-ziskal-silvester-lavrik-za-roman-nedelne-sachy-s-tisom","status":"publish","type":"post","link":"https:\/\/literarnenoviny.sk\/servis\/cenu-jana-johanidesa-ziskal-silvester-lavrik-za-roman-nedelne-sachy-s-tisom\/","title":{"rendered":"Cenu J\u00e1na Johanidesa z\u00edskal Silvester Lavr\u00edk za&nbsp;rom\u00e1n Nede\u013en\u00e9 \u0161achy s&nbsp;Tisom"},"content":{"rendered":"<p><strong>Laure\u00e1tom <a href=\"http:\/\/www.litcentrum.sk\/cena_jana_johanidesa\" rel=\"noopener\" target=\"_blank\">Ceny J\u00e1na Johanidesa<\/a> sa&nbsp;stal spisovate\u013e <a href=\"https:\/\/sk.wikipedia.org\/wiki\/Silvester_Lavr\u00edk\" rel=\"noopener\" target=\"_blank\">Silvester Lavr\u00edk<\/a><\/strong>, ocenenie z\u00edskal za&nbsp;rom\u00e1n <strong><em><a href=\"https:\/\/www.martinus.sk\/?uItem=238046&#038;z=WLGC7F&#038;utm_source=z%3DWLGC7F&#038;utm_medium=url&#038;utm_campaign=partner\" rel=\"noopener\" target=\"_blank\">Nede\u013en\u00e9 \u0161achy s&nbsp;Tisom<\/a><\/em><\/strong>, ktor\u00fd vy\u0161iel vo&nbsp;vydavate\u013estve Dixit. <\/p>\n<p>Odborn\u00e1 porota vyberala najlep\u0161ie prozaick\u00e9 dielo zo&nbsp;siedmich titulov, ktor\u00e9 sa&nbsp;dostali do&nbsp;fin\u00e1lov\u00e9ho v\u00fdberu.<\/p>\n<p><em>\u201eTak, ako sa&nbsp;Lavr\u00edk p\u00fdta, \u010di&nbsp;bol Tiso sk\u00f4r prezidentom podivn\u00e9ho \u0161t\u00e1tu, alebo duchovn\u00fdm, ktor\u00fd db\u00e1 o&nbsp;svoje ove\u010dky a&nbsp;bo\u017e\u00ed odkaz, m\u00f4\u017eeme sa&nbsp;p\u00fdta\u0165 aj my na&nbsp;zmysel na\u0161ich vlastn\u00fdch, hoci aj priv\u00e1tnych dej\u00edn,\u201d<\/em> uviedol k&nbsp;ocenenej knihe porotca Petr Mina\u0159\u00edk.<\/p>\n<p>V kateg\u00f3rii autora do&nbsp;35 rokov z\u00edskal ocenenie Jakub Juh\u00e1s.<\/p>\n<p>Cenu J\u00e1na Johanidesa vyhlasuje Liter\u00e1rne informa\u010dn\u00e9 centrum ka\u017ed\u00e9 dva roky spolo\u010dne s&nbsp;mestom \u0160a\u013ea a&nbsp;Honor\u00e1rnym konzul\u00e1tom Slovenskej republiky v&nbsp;Hesensku.<\/p>\n<p style=\"text-align: right;\"><small><a href=\"http:\/\/www.litcentrum.sk\/cena_jana_johanidesa\" target=\"_blank\">LIC<\/a><\/small><\/p>\n","protected":false},"excerpt":{"rendered":"<p>Laure\u00e1tom Ceny J\u00e1na Johanidesa sa&nbsp;stal Silvester Lavr\u00edk, ocenenie z\u00edskal za&nbsp;rom\u00e1n Nede\u013en\u00e9 \u0161achy s&nbsp;Tisom, ktor\u00fd vy\u0161iel vo&nbsp;vydavate\u013estve Dixit. Odborn\u00e1 porota vyberala najlep\u0161ie prozaick\u00e9 dielo zo&nbsp;siedmich titulov, ktor\u00e9 sa&nbsp;dostali do&nbsp;fin\u00e1lov\u00e9ho v\u00fdberu. <a href=\"https:\/\/literarnenoviny.sk\/servis\/cenu-jana-johanidesa-ziskal-silvester-lavrik-za-roman-nedelne-sachy-s-tisom\/\" class=\"more-link\">Cel\u00e1 spr\u00e1va <span class=\"meta-nav\">&rarr;<\/span><\/a><\/p>\n","protected":false},"author":2,"featured_media":0,"comment_status":"closed","ping_status":"closed","sticky":false,"template":"","format":"standard","meta":{"_links_to":"","_links_to_target":""},"categories":[1],"tags":[14,3,21],"_links":{"self":[{"href":"https:\/\/literarnenoviny.sk\/servis\/wp-json\/wp\/v2\/posts\/2673"}],"collection":[{"href":"https:\/\/literarnenoviny.sk\/servis\/wp-json\/wp\/v2\/posts"}],"about":[{"href":"https:\/\/literarnenoviny.sk\/servis\/wp-json\/wp\/v2\/types\/post"}],"author":[{"embeddable":true,"href":"https:\/\/literarnenoviny.sk\/servis\/wp-json\/wp\/v2\/users\/2"}],"replies":[{"embeddable":true,"href":"https:\/\/literarnenoviny.sk\/servis\/wp-json\/wp\/v2\/comments?post=2673"}],"version-history":[{"count":0,"href":"https:\/\/literarnenoviny.sk\/servis\/wp-json\/wp\/v2\/posts\/2673\/revisions"}],"wp:attachment":[{"href":"https:\/\/literarnenoviny.sk\/servis\/wp-json\/wp\/v2\/media?parent=2673"}],"wp:term":[{"taxonomy":"category","embeddable":true,"href":"https:\/\/literarnenoviny.sk\/servis\/wp-json\/wp\/v2\/categories?post=2673"},{"taxonomy":"post_tag","embeddable":true,"href":"https:\/\/literarnenoviny.sk\/servis\/wp-json\/wp\/v2\/tags?post=2673"}],"curies":[{"name":"wp","href":"https:\/\/api.w.org\/{rel}","templated":true}]}}