{"id":2669,"date":"2018-04-18T23:24:35","date_gmt":"2018-04-18T21:24:35","guid":{"rendered":"https:\/\/literarnenoviny.sk\/servis\/?p=2669"},"modified":"2018-04-19T22:27:56","modified_gmt":"2018-04-19T20:27:56","slug":"svedsky-kral-zmeni-stanovy-akademie-ktora-udeluje-nobelovu-cenu-za-literaturu","status":"publish","type":"post","link":"https:\/\/literarnenoviny.sk\/servis\/svedsky-kral-zmeni-stanovy-akademie-ktora-udeluje-nobelovu-cenu-za-literaturu\/","title":{"rendered":"\u0160v\u00e9dsky kr\u00e1\u013e zmen\u00ed stanovy akad\u00e9mie, ktor\u00e1 ude\u013euje Nobelovu cenu za&nbsp;literat\u00faru"},"content":{"rendered":"<p><strong>\u0160v\u00e9dsky kr\u00e1\u013e <a href=\"https:\/\/sk.wikipedia.org\/wiki\/Karol_XVI._Gust%C3%A1v\" rel=\"noopener\" target=\"_blank\">Karol XVI. Gust\u00e1v<\/a> zmen\u00ed stanovy \u0160v\u00e9dskej akad\u00e9mie, ktor\u00e1 ude\u013euje Nobelovu cenu za&nbsp;literat\u00faru<\/strong>. \u010clenstvo v&nbsp;gr\u00e9miu nebude do\u017eivotn\u00e9 a&nbsp;bude mo\u017en\u00e9 na&nbsp;neho rezignova\u0165.<\/p>\n<p>Nieko\u013eko \u010dlenov akad\u00e9mie toti\u017e v&nbsp;poslednej dobe ozn\u00e1milo, \u017ee&nbsp;sa&nbsp;na\u010falej nebud\u00fa z\u00fa\u010dast\u0148ova\u0165 sch\u00f4dz\u00ed, ich miesta nebolo mo\u017en\u00e9 obsadi\u0165 nov\u00fdmi \u010dlenmi.<\/p>\n<p>D\u00f4vodom zmien s\u00fa af\u00e9ry vo&nbsp;\u0160v\u00e9dskej akad\u00e9mii t\u00fdkaj\u00face sa&nbsp;sexu\u00e1lneho ob\u0165a\u017eovania, korupcie a&nbsp;pred\u010dasn\u00e9ho vyzradenia laure\u00e1ta Nobelovej ceny za&nbsp;literat\u00faru.<\/p>\n<p>Traja \u010dlenovia sa&nbsp;stiahli, preto\u017ee akad\u00e9mia z&nbsp;toho nechcela vyvodi\u0165 dostato\u010dn\u00e9 d\u00f4sledky, vr\u00e1tane person\u00e1lnych. Nakoniec odst\u00fapila aj \u0161\u00e9fka akad\u00e9mie Sara Daniusov\u00e1, ktor\u00e1 sa&nbsp;tak \u00fadajne podriadila v\u00f4li akad\u00e9mie.<\/p>\n<p>V s\u00fa\u010dasnosti je&nbsp;po\u010det neakt\u00edvnych \u010dlenov tak\u00fd ve\u013ek\u00fd, \u017ee&nbsp;to <em>\u201ev\u00e1\u017ene ohrozuje schopnos\u0165 akad\u00e9mie plni\u0165 svoje d\u00f4le\u017eit\u00e9 \u00falohy\u201c<\/em>, uviedol kr\u00e1\u013eovsk\u00fd pal\u00e1c.<\/p>\n<p style=\"text-align: right;\"><small><a href=\"http:\/\/www.ceskenoviny.cz\/zpravy\/svedsky-kral-zmeni-stanovy-svedske-akademie-bude-mozne-odejit\/1611306\" target=\"_blank\">\u010cesk\u00e9 noviny<\/a><\/small><\/p>\n","protected":false},"excerpt":{"rendered":"<p>\u0160v\u00e9dsky kr\u00e1\u013e Carl XVI. Gustaf zmen\u00ed stanovy \u0160v\u00e9dskej akad\u00e9mie, ktor\u00e1 ude\u013euje Nobelovu cenu za&nbsp;literat\u00faru. \u010clenstvo v&nbsp;gr\u00e9miu nebude do\u017eivotn\u00e9 a&nbsp;bude mo\u017en\u00e9 na&nbsp;neho rezignova\u0165. Za&nbsp;zmenami s\u00fa af\u00e9ry t\u00fdkaj\u00face sa&nbsp;sexu\u00e1lneho ob\u0165a\u017eovania a&nbsp;pred\u010dasn\u00e9ho vyzradenia laure\u00e1ta. <a href=\"https:\/\/literarnenoviny.sk\/servis\/svedsky-kral-zmeni-stanovy-akademie-ktora-udeluje-nobelovu-cenu-za-literaturu\/\" class=\"more-link\">Cel\u00e1 spr\u00e1va <span class=\"meta-nav\">&rarr;<\/span><\/a><\/p>\n","protected":false},"author":2,"featured_media":0,"comment_status":"closed","ping_status":"closed","sticky":false,"template":"","format":"standard","meta":{"_links_to":"","_links_to_target":""},"categories":[1],"tags":[4,21,23],"_links":{"self":[{"href":"https:\/\/literarnenoviny.sk\/servis\/wp-json\/wp\/v2\/posts\/2669"}],"collection":[{"href":"https:\/\/literarnenoviny.sk\/servis\/wp-json\/wp\/v2\/posts"}],"about":[{"href":"https:\/\/literarnenoviny.sk\/servis\/wp-json\/wp\/v2\/types\/post"}],"author":[{"embeddable":true,"href":"https:\/\/literarnenoviny.sk\/servis\/wp-json\/wp\/v2\/users\/2"}],"replies":[{"embeddable":true,"href":"https:\/\/literarnenoviny.sk\/servis\/wp-json\/wp\/v2\/comments?post=2669"}],"version-history":[{"count":0,"href":"https:\/\/literarnenoviny.sk\/servis\/wp-json\/wp\/v2\/posts\/2669\/revisions"}],"wp:attachment":[{"href":"https:\/\/literarnenoviny.sk\/servis\/wp-json\/wp\/v2\/media?parent=2669"}],"wp:term":[{"taxonomy":"category","embeddable":true,"href":"https:\/\/literarnenoviny.sk\/servis\/wp-json\/wp\/v2\/categories?post=2669"},{"taxonomy":"post_tag","embeddable":true,"href":"https:\/\/literarnenoviny.sk\/servis\/wp-json\/wp\/v2\/tags?post=2669"}],"curies":[{"name":"wp","href":"https:\/\/api.w.org\/{rel}","templated":true}]}}