{"id":2622,"date":"2018-04-14T08:07:05","date_gmt":"2018-04-14T06:07:05","guid":{"rendered":"https:\/\/literarnenoviny.sk\/servis\/?p=2622"},"modified":"2020-10-15T22:06:40","modified_gmt":"2020-10-15T20:06:40","slug":"vo-veku-86-rokov-zomrel-v-spojenych-statoch-cesky-filmovy-reziser-milos-forman","status":"publish","type":"post","link":"https:\/\/literarnenoviny.sk\/servis\/vo-veku-86-rokov-zomrel-v-spojenych-statoch-cesky-filmovy-reziser-milos-forman\/","title":{"rendered":"Vo veku 86 rokov zomrel v&nbsp;Spojen\u00fdch \u0161t\u00e1toch \u010desk\u00fd filmov\u00fd re\u017eis\u00e9r Milo\u0161 Forman"},"content":{"rendered":"<p><strong>Vo veku 86 rokov zomrel v&nbsp;Spojen\u00fdch \u0161t\u00e1toch \u010desk\u00fd filmov\u00fd re\u017eis\u00e9r <a href=\"https:\/\/cs.wikipedia.org\/wiki\/Milo\u0161_Forman\" rel=\"noopener noreferrer\" target=\"_blank\">Milo\u0161 Forman<\/a><\/strong>. Jeho man\u017eelka pre&nbsp;\u010cTK <a href=\"http:\/\/www.ceskenoviny.cz\/zpravy\/v-86-letech-zemrel-v-usa-oscarovy-reziser-milos-forman\/1609409\" rel=\"noopener noreferrer\" target=\"_blank\">uviedla<\/a>, \u017ee&nbsp;zomrel n\u00e1hle v&nbsp;piatok po&nbsp;kr\u00e1tkej chorobe. <\/p>\n<p><em>\u201eJeho odchod bol pokojn\u00fd a&nbsp;po&nbsp;cel\u00fa dobu bol obklopen\u00fd rodinou a&nbsp;svojimi najbli\u017e\u0161\u00edmi,\u201c<\/em> dodala Martina Formanov\u00e1. <\/p>\n<p>Milo\u0161 Forman z\u00edskal za&nbsp;svoje filmy dvoch Oscarov, na&nbsp;konte m\u00e1 aj tri Zlat\u00e9 gl\u00f3busy \u010di&nbsp;franc\u00fazskeho C\u00e9sara. <\/p>\n<p>Hoci obdobie jeho najv\u00e4\u010d\u0161ej sl\u00e1vy pri\u0161lo a\u017e po&nbsp;odchode do&nbsp;Ameriky, kde nakr\u00fatil svoje oscarov\u00e9 filmy <em><strong>Prelet nad kuku\u010d\u00edm hniezdom<\/strong> (1975)<\/em> a&nbsp;<em><strong>Amadeus<\/strong> (1984)<\/em>, v\u00fdrazn\u00fa stopu zanechal aj v&nbsp;rodnej krajine.<\/p>\n<p>Formanov debutov\u00fd <em><strong>Konkurz<\/strong> (1963)<\/em> \u010di&nbsp;filmy <em><strong>\u010cern\u00fd Petr <\/strong>(1963)<\/em>, <em><strong>L\u00e1sky jedn\u00e9 plavovl\u00e1sky<\/strong> (1965)<\/em> a&nbsp;<em><strong>Ho\u0159\u00ed, m\u00e1 panenko<\/strong> (1967)<\/em> patria dodnes k&nbsp;tomu najlep\u0161iemu v&nbsp;dejin\u00e1ch \u010deskoslovenskej kinematografie.<\/p>\n<p style=\"text-align: right;\"><small><a href=\"http:\/\/www.ceskenoviny.cz\/zpravy\/v-86-letech-zemrel-v-usa-oscarovy-reziser-milos-forman\/1609409\" target=\"_blank\" rel=\"noopener noreferrer\">\u010cTK<\/a><\/small><\/p>\n","protected":false},"excerpt":{"rendered":"<p>Vo veku 86 rokov zomrel v&nbsp;Spojen\u00fdch \u0161t\u00e1toch \u010desk\u00fd filmov\u00fd re\u017eis\u00e9r Milo\u0161 Forman. Jeho man\u017eelka Martina Formanov\u00e1 pre&nbsp;\u010cTK uviedla, \u017ee&nbsp;zomrel n\u00e1hle v&nbsp;piatok po&nbsp;kr\u00e1tkej chorobe. Jeho odchod bol pokojn\u00fd a&nbsp;po&nbsp;cel\u00fa dobu bol obklopen\u00fd rodinou a&nbsp;svojimi najbli\u017e\u0161\u00edmi, dodala Martina Formanov\u00e1.  <a href=\"https:\/\/literarnenoviny.sk\/servis\/vo-veku-86-rokov-zomrel-v-spojenych-statoch-cesky-filmovy-reziser-milos-forman\/\" class=\"more-link\">Cel\u00e1 spr\u00e1va <span class=\"meta-nav\">&rarr;<\/span><\/a><\/p>\n","protected":false},"author":2,"featured_media":0,"comment_status":"closed","ping_status":"closed","sticky":false,"template":"","format":"standard","meta":{"_links_to":"","_links_to_target":""},"categories":[1],"tags":[16,3,209],"_links":{"self":[{"href":"https:\/\/literarnenoviny.sk\/servis\/wp-json\/wp\/v2\/posts\/2622"}],"collection":[{"href":"https:\/\/literarnenoviny.sk\/servis\/wp-json\/wp\/v2\/posts"}],"about":[{"href":"https:\/\/literarnenoviny.sk\/servis\/wp-json\/wp\/v2\/types\/post"}],"author":[{"embeddable":true,"href":"https:\/\/literarnenoviny.sk\/servis\/wp-json\/wp\/v2\/users\/2"}],"replies":[{"embeddable":true,"href":"https:\/\/literarnenoviny.sk\/servis\/wp-json\/wp\/v2\/comments?post=2622"}],"version-history":[{"count":0,"href":"https:\/\/literarnenoviny.sk\/servis\/wp-json\/wp\/v2\/posts\/2622\/revisions"}],"wp:attachment":[{"href":"https:\/\/literarnenoviny.sk\/servis\/wp-json\/wp\/v2\/media?parent=2622"}],"wp:term":[{"taxonomy":"category","embeddable":true,"href":"https:\/\/literarnenoviny.sk\/servis\/wp-json\/wp\/v2\/categories?post=2622"},{"taxonomy":"post_tag","embeddable":true,"href":"https:\/\/literarnenoviny.sk\/servis\/wp-json\/wp\/v2\/tags?post=2622"}],"curies":[{"name":"wp","href":"https:\/\/api.w.org\/{rel}","templated":true}]}}