{"id":2573,"date":"2018-04-12T08:20:21","date_gmt":"2018-04-12T06:20:21","guid":{"rendered":"https:\/\/literarnenoviny.sk\/servis\/?p=2573"},"modified":"2018-04-19T22:36:27","modified_gmt":"2018-04-19T20:36:27","slug":"reporteri-bez-hranic-kritizuju-sefa-verejnopravnej-rtvs-jaroslava-reznika","status":"publish","type":"post","link":"https:\/\/literarnenoviny.sk\/servis\/reporteri-bez-hranic-kritizuju-sefa-verejnopravnej-rtvs-jaroslava-reznika\/","title":{"rendered":"Report\u00e9ri bez hran\u00edc kritizuj\u00fa \u0161\u00e9fa verejnopr\u00e1vnej RTVS Jaroslava Rezn\u00edka"},"content":{"rendered":"<p><strong>Medzin\u00e1rodn\u00e1 organiz\u00e1cia <a href=\"https:\/\/rsf.org\/\" rel=\"noopener\" target=\"_blank\">Report\u00e9ri bez hran\u00edc<\/a> kritizuje kroky gener\u00e1lneho riadite\u013ea Rozhlasu a&nbsp;telev\u00edzie Slovenska<\/strong> Jaroslava Rezn\u00edka a&nbsp;vyzvala slovensk\u00e9 \u00farady, aby prestali zasahova\u0165 do&nbsp;fungovania verejnopr\u00e1vneho m\u00e9dia.<\/p>\n<p><em>\u201eNamiesto toho, aby posilnil slobodu tla\u010de v&nbsp;\u010dase, ke\u010f slovensk\u00e9 m\u00e9di\u00e1 za\u017e\u00edvaj\u00fa nap\u00e4tie, nov\u00fd \u0161\u00e9f RTVS ju kontinu\u00e1lne podkop\u00e1val,\u201c<\/em> uv\u00e1dza <a href=\"https:\/\/rsf.org\/en\/news\/unrest-within-slovak-public-broadcaster-over-political-pressure\" rel=\"noopener\" target=\"_blank\">na svojich str\u00e1nkach<\/a> re\u0161pektovan\u00e1 novin\u00e1rska organiz\u00e1cia.<\/p>\n<p>Znepokojuje ju predov\u0161etk\u00fdm ohrozenie redak\u010dnej nez\u00e1vislosti RTVS a&nbsp;poukazuje na&nbsp;politick\u00e9 tlaky zo&nbsp;strany Smeru a&nbsp;SNS.<\/p>\n<p>Report\u00e9ri bez hran\u00edc tie\u017e pripom\u00ednaj\u00fa, \u017ee&nbsp;Slovensko kles\u00e1 v&nbsp;rebr\u00ed\u010dku Indexu svetovej slobody tla\u010de <em>(World Press Freedom Index)<\/em>. V&nbsp;ninulom roku medziro\u010dne kleslo a\u017e o&nbsp;p\u00e4\u0165 miest. Krajine v&nbsp;s\u00fa\u010dasnosti patr\u00ed 17.&nbsp;prie\u010dka.<\/p>\n<p style=\"text-align: right;\"><small><a href=\"https:\/\/rsf.org\/en\/news\/unrest-within-slovak-public-broadcaster-over-political-pressure\" target=\"_blank\">RSF<\/a><\/small><\/p>\n","protected":false},"excerpt":{"rendered":"<p>Medzin\u00e1rodn\u00e1 organiz\u00e1cia Report\u00e9ri bez hran\u00edc kritizuje kroky gener\u00e1lneho riadite\u013ea Rozhlasu a&nbsp;telev\u00edzie Slovenska Jaroslava Rezn\u00edka a&nbsp;vyzvala slovensk\u00e9 \u00farady, aby prestali zasahova\u0165 do&nbsp;fungovania verejnopr\u00e1vneho m\u00e9dia. <a href=\"https:\/\/literarnenoviny.sk\/servis\/reporteri-bez-hranic-kritizuju-sefa-verejnopravnej-rtvs-jaroslava-reznika\/\" class=\"more-link\">Cel\u00e1 spr\u00e1va <span class=\"meta-nav\">&rarr;<\/span><\/a><\/p>\n","protected":false},"author":2,"featured_media":0,"comment_status":"closed","ping_status":"closed","sticky":false,"template":"","format":"standard","meta":{"_links_to":"","_links_to_target":""},"categories":[1],"tags":[37,33,27],"_links":{"self":[{"href":"https:\/\/literarnenoviny.sk\/servis\/wp-json\/wp\/v2\/posts\/2573"}],"collection":[{"href":"https:\/\/literarnenoviny.sk\/servis\/wp-json\/wp\/v2\/posts"}],"about":[{"href":"https:\/\/literarnenoviny.sk\/servis\/wp-json\/wp\/v2\/types\/post"}],"author":[{"embeddable":true,"href":"https:\/\/literarnenoviny.sk\/servis\/wp-json\/wp\/v2\/users\/2"}],"replies":[{"embeddable":true,"href":"https:\/\/literarnenoviny.sk\/servis\/wp-json\/wp\/v2\/comments?post=2573"}],"version-history":[{"count":0,"href":"https:\/\/literarnenoviny.sk\/servis\/wp-json\/wp\/v2\/posts\/2573\/revisions"}],"wp:attachment":[{"href":"https:\/\/literarnenoviny.sk\/servis\/wp-json\/wp\/v2\/media?parent=2573"}],"wp:term":[{"taxonomy":"category","embeddable":true,"href":"https:\/\/literarnenoviny.sk\/servis\/wp-json\/wp\/v2\/categories?post=2573"},{"taxonomy":"post_tag","embeddable":true,"href":"https:\/\/literarnenoviny.sk\/servis\/wp-json\/wp\/v2\/tags?post=2573"}],"curies":[{"name":"wp","href":"https:\/\/api.w.org\/{rel}","templated":true}]}}