{"id":2569,"date":"2018-04-09T12:00:30","date_gmt":"2018-04-09T10:00:30","guid":{"rendered":"https:\/\/literarnenoviny.sk\/servis\/?p=2569"},"modified":"2018-04-13T12:55:32","modified_gmt":"2018-04-13T10:55:32","slug":"ceske-vydavatelstvo-zrestaurovalo-unikatne-slovenske-komiksy-kaju-saudka","status":"publish","type":"post","link":"https:\/\/literarnenoviny.sk\/servis\/ceske-vydavatelstvo-zrestaurovalo-unikatne-slovenske-komiksy-kaju-saudka\/","title":{"rendered":"\u010cesk\u00e9 vydavate\u013estvo zre\u0161taurovalo unik\u00e1tne slovensk\u00e9 komiksy K\u00e1ju Saudka"},"content":{"rendered":"<p><strong>\u010cesk\u00e9 vydavate\u013estvo <a href=\"http:\/\/www.nakladatelstviplus.cz\" rel=\"noopener\" target=\"_blank\">Plus<\/a> zre\u0161taurovalo unik\u00e1tne slovensk\u00e9 komiksy <a href=\"https:\/\/sk.wikipedia.org\/wiki\/K\u00e1ja_Saudek\" rel=\"noopener\" target=\"_blank\">K\u00e1ju Saudka<\/a><\/strong>. Titul pod n\u00e1zvom <strong><em><a href=\"https:\/\/literarnenoviny.sk\/clanky\/navrat-strateneho-saudka\/\">Saudek \u2013 Technick\u00e9 noviny 1971-1977<\/a><\/em><\/strong> je&nbsp;u\u017e&nbsp;<a href=\"https:\/\/www.martinus.sk\/?uItem=300781&#038;z=WLGC7F&#038;utm_source=z%3DWLGC7F&#038;utm_medium=url&#038;utm_campaign=partner\" rel=\"noopener\" target=\"_blank\">dostupn\u00fd na&nbsp;kni\u017enom trhu<\/a>.<\/p>\n<p>Niekdaj\u0161\u00ed slovensk\u00fd t\u00fd\u017edenn\u00edk Technick\u00e9 noviny v&nbsp;sedemdesiatych rokoch minul\u00e9ho storo\u010dia uverej\u0148oval komiksy K\u00e1ju Saudka, brata svetozn\u00e1meho fotografa Jana Saudka. Totalitn\u00e1 moc vtedy zak\u00e1zala nieko\u013eko \u010desk\u00fdch \u010dasopisov a&nbsp;tvorca ilustrovan\u00fdch pr\u00edbehov, ktor\u00fd nebol pre&nbsp;re\u017eim nikdy ve\u013emi prijate\u013en\u00fd, tak pri\u0161iel o&nbsp;pr\u00e1cu.<\/p>\n<p><center><\/p>\n<blockquote class=\"instagram-media\" data-instgrm-permalink=\"https:\/\/www.instagram.com\/p\/BgoVS5XhvUg\/\" data-instgrm-version=\"8\" style=\" background:#FFF; border:0; border-radius:3px; box-shadow:0 0 1px 0 rgba(0,0,0,0.5),0 1px 10px 0 rgba(0,0,0,0.15); margin: 1px; max-width:500px; padding:0; width:99.375%; width:-webkit-calc(100% - 2px); width:calc(100% - 2px);\">\n<div style=\"padding:8px;\">\n<div style=\" background:#F8F8F8; line-height:0; margin-top:40px; padding:50.0% 0; text-align:center; width:100%;\">\n<div style=\" background:url(data:image\/png;base64,iVBORw0KGgoAAAANSUhEUgAAACwAAAAsCAMAAAApWqozAAAABGdBTUEAALGPC\/xhBQAAAAFzUkdCAK7OHOkAAAAMUExURczMzPf399fX1+bm5mzY9AMAAADiSURBVDjLvZXbEsMgCES5\/P8\/t9FuRVCRmU73JWlzosgSIIZURCjo\/ad+EQJJB4Hv8BFt+IDpQoCx1wjOSBFhh2XssxEIYn3ulI\/6MNReE07UIWJEv8UEOWDS88LY97kqyTliJKKtuYBbruAyVh5wOHiXmpi5we58Ek028czwyuQdLKPG1Bkb4NnM+VeAnfHqn1k4+GPT6uGQcvu2h2OVuIf\/gWUFyy8OWEpdyZSa3aVCqpVoVvzZZ2VTnn2wU8qzVjDDetO90GSy9mVLqtgYSy231MxrY6I2gGqjrTY0L8fxCxfCBbhWrsYYAAAAAElFTkSuQmCC); display:block; height:44px; margin:0 auto -44px; position:relative; top:-22px; width:44px;\"><\/div>\n<\/div>\n<p style=\" color:#c9c8cd; font-family:Arial,sans-serif; font-size:14px; line-height:17px; margin-bottom:0; margin-top:8px; overflow:hidden; padding:8px 0 7px; text-align:center; text-overflow:ellipsis; white-space:nowrap;\"><a href=\"https:\/\/www.instagram.com\/p\/BgoVS5XhvUg\/\" style=\" color:#c9c8cd; font-family:Arial,sans-serif; font-size:14px; font-style:normal; font-weight:normal; line-height:17px; text-decoration:none;\" target=\"_blank\">Pr\u00edspevok, ktor\u00fd zdie\u013ea nakladatelstv\u00ed Plus (@plus_nakladatelstvi)<\/a>, <time style=\" font-family:Arial,sans-serif; font-size:14px; line-height:17px;\" datetime=\"2018-03-22T15:16:34+00:00\">22 Mar 2018 o&nbsp;8:16 PDT<\/time><\/p>\n<\/div>\n<\/blockquote>\n<p> <script async defer src=\"\/\/www.instagram.com\/embed.js\"><\/script><\/center><\/p>\n<p>Guru \u010deskoslovensk\u00e9ho komiksu sa&nbsp;na&nbsp;Slovensku podpisoval ako Karol Saudek. Origin\u00e1ly kresieb sa&nbsp;v\u0161ak stratili a&nbsp;dodnes nikto nevie, kde s\u00fa.<\/p>\n<p>P\u00f4vodn\u00e9 komiksy priamo zo&nbsp;str\u00e1nok Technick\u00fdch nov\u00edn zrenovoval a&nbsp;pripravil \u010desk\u00fd saudkol\u00f3g Filip Kone\u010dn\u00fd. Pr\u00e1ca mu trvala p\u00e4\u0165 rokov a&nbsp;zrekon\u0161truovan\u00e9 komiksy \u010dakali e\u0161te \u010fal\u0161ie tri roky na&nbsp;svoju kni\u017en\u00fa podobu.<\/p>\n","protected":false},"excerpt":{"rendered":"<p>Na za\u010diatku sedemdesiatych rokov komunisti zak\u00e1zali nieko\u013eko \u010desk\u00fdch \u010dasopisov a&nbsp;K\u00e1ja Saudek nemal za&nbsp;riekou Moravou pre&nbsp;koho kresli\u0165. Pre&nbsp;re\u017eim nebol nikdy ve\u013emi prijate\u013en\u00fd. Jeho unik\u00e1tne slovensk\u00e9 komiksy prinieslo na&nbsp;kni\u017en\u00fd trh \u010desk\u00e9 vydavate\u013estvo Plus. <a href=\"https:\/\/literarnenoviny.sk\/servis\/ceske-vydavatelstvo-zrestaurovalo-unikatne-slovenske-komiksy-kaju-saudka\/\" class=\"more-link\">Cel\u00e1 spr\u00e1va <span class=\"meta-nav\">&rarr;<\/span><\/a><\/p>\n","protected":false},"author":2,"featured_media":0,"comment_status":"closed","ping_status":"closed","sticky":false,"template":"","format":"standard","meta":{"_links_to":"","_links_to_target":""},"categories":[1],"tags":[37,5,14,29],"_links":{"self":[{"href":"https:\/\/literarnenoviny.sk\/servis\/wp-json\/wp\/v2\/posts\/2569"}],"collection":[{"href":"https:\/\/literarnenoviny.sk\/servis\/wp-json\/wp\/v2\/posts"}],"about":[{"href":"https:\/\/literarnenoviny.sk\/servis\/wp-json\/wp\/v2\/types\/post"}],"author":[{"embeddable":true,"href":"https:\/\/literarnenoviny.sk\/servis\/wp-json\/wp\/v2\/users\/2"}],"replies":[{"embeddable":true,"href":"https:\/\/literarnenoviny.sk\/servis\/wp-json\/wp\/v2\/comments?post=2569"}],"version-history":[{"count":0,"href":"https:\/\/literarnenoviny.sk\/servis\/wp-json\/wp\/v2\/posts\/2569\/revisions"}],"wp:attachment":[{"href":"https:\/\/literarnenoviny.sk\/servis\/wp-json\/wp\/v2\/media?parent=2569"}],"wp:term":[{"taxonomy":"category","embeddable":true,"href":"https:\/\/literarnenoviny.sk\/servis\/wp-json\/wp\/v2\/categories?post=2569"},{"taxonomy":"post_tag","embeddable":true,"href":"https:\/\/literarnenoviny.sk\/servis\/wp-json\/wp\/v2\/tags?post=2569"}],"curies":[{"name":"wp","href":"https:\/\/api.w.org\/{rel}","templated":true}]}}