{"id":2541,"date":"2018-04-08T23:30:56","date_gmt":"2018-04-08T21:30:56","guid":{"rendered":"https:\/\/literarnenoviny.sk\/servis\/?p=2541"},"modified":"2020-10-15T22:06:40","modified_gmt":"2020-10-15T20:06:40","slug":"vo-veku-83-rokov-zomrel-znamy-slovensky-filmovy-reziser-a-herec-juraj-herz","status":"publish","type":"post","link":"https:\/\/literarnenoviny.sk\/servis\/vo-veku-83-rokov-zomrel-znamy-slovensky-filmovy-reziser-a-herec-juraj-herz\/","title":{"rendered":"Vo veku 83 rokov zomrel zn\u00e1my slovensk\u00fd filmov\u00fd re\u017eis\u00e9r a&nbsp;herec Juraj Herz"},"content":{"rendered":"<p><strong>Vo veku 83 rokov zomrel jeden z&nbsp;najzn\u00e1mej\u0161\u00edch slovensk\u00fdch filmov\u00fdch re\u017eis\u00e9rov <a href=\"https:\/\/sk.wikipedia.org\/wiki\/Juraj_Herz\" rel=\"noopener noreferrer\" target=\"_blank\">Juraj Herz<\/a><\/strong>. O&nbsp;jeho \u00famrt\u00ed informoval brat Ladislav, ktor\u00fd \u017eije v&nbsp;Ko\u0161iciach. <\/p>\n<p>Juraj Herz sa&nbsp;narodil v&nbsp;Ke\u017emarku. Na&nbsp;sklonku 2.&nbsp;svetovej vojny bol s&nbsp;rodi\u010dmi deportovan\u00fd do&nbsp;koncentra\u010dn\u00e9ho t\u00e1bora.<\/p>\n<p>Vy\u0161tudoval fotografiu na&nbsp;Umelecko-priemyselnej \u0161kole v&nbsp;Bratislave a&nbsp;r\u00e9\u017eiu a&nbsp;b\u00e1bkoherecvo na&nbsp;pra\u017eskej DAMU. S&nbsp;re\u017eis\u00e9rmi <a href=\"https:\/\/sk.wikipedia.org\/wiki\/J\u00e1n_Kad\u00e1r\" rel=\"noopener noreferrer\" target=\"_blank\">J\u00e1nom Kad\u00e1rom<\/a> a&nbsp;<a href=\"https:\/\/cs.wikipedia.org\/wiki\/Elmar_Klos\" rel=\"noopener noreferrer\" target=\"_blank\">Elmarom Klosom<\/a> spolupracoval na&nbsp;oscarovom filme <strong><em>Obchod na&nbsp;korze<\/em><\/strong>. <\/p>\n<p>Samostatne debutoval roku 1965 strednometr\u00e1\u017enou filmovou adapt\u00e1ciou poviedky <a href=\"https:\/\/cs.wikipedia.org\/wiki\/Bohumil_Hrabal\" rel=\"noopener noreferrer\" target=\"_blank\">Bohumila Hrabala<\/a> <strong><em>Sb\u011brn\u00e9 surovosti<\/em><\/strong>. <\/p>\n<p><center><div class=\"gca-utility vertical-spacer\"><\/div><iframe loading=\"lazy\" width=\"560\" height=\"315\" src=\"https:\/\/www.youtube.com\/embed\/3Ebn4lB4Eoo?start=0\" frameborder=\"0\" allow=\"accelerometer; autoplay; encrypted-media; gyroscope; picture-in-picture\" allowfullscreen><\/iframe><div class=\"gca-utility vertical-spacer\"><\/div><\/center><\/p>\n<p>V roku 1968 nakr\u00fatil pod\u013ea novely <a href=\"https:\/\/cs.wikipedia.org\/wiki\/Ladislav_Fuks\" rel=\"noopener noreferrer\" target=\"_blank\">Ladislava Fuksa<\/a> kultov\u00e9ho <strong><em><a href=\"https:\/\/sk.wikipedia.org\/wiki\/Spalova%C4%8D_mrtvol\" rel=\"noopener noreferrer\" target=\"_blank\">Spalova\u010da mrtvol<\/a><\/em><\/strong>. <\/p>\n<p>Vo filmovej kari\u00e9re pokra\u010doval Juraj Herz aj po&nbsp;roku 1987, ke\u010f emigroval do&nbsp;Nemecka. Za&nbsp;svoju obsiahlu tvorbu z\u00edskal mnoh\u00e9 dom\u00e1ce i&nbsp;medzin\u00e1rodn\u00e9 ocenenia. Bol vyznamenan\u00fd Ve\u013ekou cenou bavorskej telev\u00edzie a&nbsp;\u0160t\u00e1tnou cenou Bavorska.<\/p>\n<p><em>\u201eJeden z&nbsp;naj\u00fa\u017easnej\u0161\u00edch re\u017eis\u00e9rov, ak\u00fdch som kedy stretol p\u00e1n Juraj Herz odi\u0161iel do&nbsp;re\u017eis\u00e9rskeho neba. Nikdy na&nbsp;teba nezabudnem Juraj, \u010fakujem, \u017ee&nbsp;som \u0164a poznal a&nbsp;\u017ee&nbsp;som mohol s&nbsp;Tebou pracova\u0165. Odpo\u010d\u00edvaj v&nbsp;pokoji,\u201c<\/em> <a href=\"https:\/\/www.facebook.com\/photo.php?fbid=10214970022499876&#038;set=a.1214105868630.53323.1108305012&#038;type=1&#038;theater\" rel=\"noopener noreferrer\" target=\"_blank\">nap\u00edsal na&nbsp;facebooku<\/a> herec Andrej Hryc.<\/p>\n","protected":false},"excerpt":{"rendered":"<p>Vo veku 83 rokov zomrel jeden z&nbsp;najzn\u00e1mej\u0161\u00edch slovensk\u00fdch filmov\u00fdch re\u017eis\u00e9rov Juraj Herz. S&nbsp;re\u017eis\u00e9rmi J\u00e1nom Kad\u00e1rom a&nbsp;Elmarom Klosom spolupracoval na&nbsp;oscarovom filme Obchod na&nbsp;korze a&nbsp;v&nbsp;roku 1968 nakr\u00fatil pod\u013ea novely Ladislava Fuksa kultov\u00e9ho Spalova\u010da mrtvol. <a href=\"https:\/\/literarnenoviny.sk\/servis\/vo-veku-83-rokov-zomrel-znamy-slovensky-filmovy-reziser-a-herec-juraj-herz\/\" class=\"more-link\">Cel\u00e1 spr\u00e1va <span class=\"meta-nav\">&rarr;<\/span><\/a><\/p>\n","protected":false},"author":2,"featured_media":0,"comment_status":"closed","ping_status":"closed","sticky":false,"template":"","format":"standard","meta":{"_links_to":"","_links_to_target":""},"categories":[1],"tags":[16,3,209],"_links":{"self":[{"href":"https:\/\/literarnenoviny.sk\/servis\/wp-json\/wp\/v2\/posts\/2541"}],"collection":[{"href":"https:\/\/literarnenoviny.sk\/servis\/wp-json\/wp\/v2\/posts"}],"about":[{"href":"https:\/\/literarnenoviny.sk\/servis\/wp-json\/wp\/v2\/types\/post"}],"author":[{"embeddable":true,"href":"https:\/\/literarnenoviny.sk\/servis\/wp-json\/wp\/v2\/users\/2"}],"replies":[{"embeddable":true,"href":"https:\/\/literarnenoviny.sk\/servis\/wp-json\/wp\/v2\/comments?post=2541"}],"version-history":[{"count":0,"href":"https:\/\/literarnenoviny.sk\/servis\/wp-json\/wp\/v2\/posts\/2541\/revisions"}],"wp:attachment":[{"href":"https:\/\/literarnenoviny.sk\/servis\/wp-json\/wp\/v2\/media?parent=2541"}],"wp:term":[{"taxonomy":"category","embeddable":true,"href":"https:\/\/literarnenoviny.sk\/servis\/wp-json\/wp\/v2\/categories?post=2541"},{"taxonomy":"post_tag","embeddable":true,"href":"https:\/\/literarnenoviny.sk\/servis\/wp-json\/wp\/v2\/tags?post=2541"}],"curies":[{"name":"wp","href":"https:\/\/api.w.org\/{rel}","templated":true}]}}