{"id":2527,"date":"2018-04-06T22:50:31","date_gmt":"2018-04-06T20:50:31","guid":{"rendered":"https:\/\/literarnenoviny.sk\/servis\/?p=2527"},"modified":"2018-04-07T20:43:51","modified_gmt":"2018-04-07T18:43:51","slug":"v-bratislave-sa-odovzdavali-ceny-slnko-v-sieti-slovenskym-filmom-roka-je-ciara","status":"publish","type":"post","link":"https:\/\/literarnenoviny.sk\/servis\/v-bratislave-sa-odovzdavali-ceny-slnko-v-sieti-slovenskym-filmom-roka-je-ciara\/","title":{"rendered":"V Bratislave sa&nbsp;odovzd\u00e1vali ceny Slnko v&nbsp;sieti, slovensk\u00fdm filmom roka je&nbsp;\u010ciara"},"content":{"rendered":"<p>V bratislavskej Starej tr\u017enici sa&nbsp;odovzd\u00e1vali filmov\u00e9 ocenenia <a href=\"https:\/\/slnkovsieti.sk\/\" rel=\"noopener\" target=\"_blank\">Slnko v&nbsp;sieti<\/a> za&nbsp;rok 2017. <strong>Najlep\u0161\u00edm slovensk\u00fdm filmom sa&nbsp;stala \u010ciara re\u017eis\u00e9ra Petra Bebjaka<\/strong>. <\/p>\n<p>Sn\u00edmka triumfovala aj v&nbsp;\u010fal\u0161\u00edch piatich kateg\u00f3ri\u00e1ch &#8211; v&nbsp;r\u00e9\u017eia, mu\u017esk\u00fd hereck\u00fd v\u00fdkon, filmov\u00e1 hudba, zvuk a&nbsp;strih.<\/p>\n<p><center><iframe loading=\"lazy\" width=\"560\" height=\"315\" src=\"https:\/\/www.youtube.com\/embed\/N63FPuOhHB8?rel=0&amp;showinfo=0\" frameborder=\"0\" allow=\"autoplay; encrypted-media\" allowfullscreen><\/iframe><\/center><\/p>\n<p>Tri ceny z\u00edskala dr\u00e1ma Piata lo\u010f, pri\u010dom akademici ocenili kameru, scen\u00e1r a&nbsp;sc\u00e9nografiu.<\/p>\n<p>Ude\u013eovanie filmov\u00fdch ocenen\u00ed sa&nbsp;stalo aj pr\u00edle\u017eitos\u0165ou na&nbsp;vyjadrenia postoja tvorcov a&nbsp;hercov k&nbsp;aktu\u00e1lnej celospolo\u010denskej situ\u00e1cii. Odznaky #AllForJan mali na&nbsp;svojej hrudi pripnut\u00e9 mnoh\u00ed herci aj film\u00e1ri.<\/p>\n<p><em>\u201eMysl\u00edm si, \u017ee&nbsp;tieto odznaky by mali by\u0165 v\u0161ade,\u201c<\/em> odznelo z&nbsp;\u00fast ocenen\u00e9ho re\u017eis\u00e9ra filmu roka 2017, Petra Bebjaka. <\/p>\n<p style=\"text-align: right;\"><small><a href=\"https:\/\/slnkovsieti.sk\/\" target=\"_blank\">Slnko v&nbsp;sieti<\/a><\/small><\/p>\n","protected":false},"excerpt":{"rendered":"<p>V bratislavskej Starej tr\u017enici sa&nbsp;odovzd\u00e1vali filmov\u00e9 ocenenia Slnko v&nbsp;sieti za&nbsp;rok 2017. Najlep\u0161\u00edm slovensk\u00fdm filmom sa&nbsp;stala \u010ciara re\u017eis\u00e9ra Petra Bebjaka. Sn\u00edmka triumfovala aj v&nbsp;\u010fal\u0161\u00edch piatich kateg\u00f3ri\u00e1ch. <a href=\"https:\/\/literarnenoviny.sk\/servis\/v-bratislave-sa-odovzdavali-ceny-slnko-v-sieti-slovenskym-filmom-roka-je-ciara\/\" class=\"more-link\">Cel\u00e1 spr\u00e1va <span class=\"meta-nav\">&rarr;<\/span><\/a><\/p>\n","protected":false},"author":2,"featured_media":0,"comment_status":"closed","ping_status":"closed","sticky":false,"template":"","format":"standard","meta":{"_links_to":"","_links_to_target":""},"categories":[1],"tags":[16,21],"_links":{"self":[{"href":"https:\/\/literarnenoviny.sk\/servis\/wp-json\/wp\/v2\/posts\/2527"}],"collection":[{"href":"https:\/\/literarnenoviny.sk\/servis\/wp-json\/wp\/v2\/posts"}],"about":[{"href":"https:\/\/literarnenoviny.sk\/servis\/wp-json\/wp\/v2\/types\/post"}],"author":[{"embeddable":true,"href":"https:\/\/literarnenoviny.sk\/servis\/wp-json\/wp\/v2\/users\/2"}],"replies":[{"embeddable":true,"href":"https:\/\/literarnenoviny.sk\/servis\/wp-json\/wp\/v2\/comments?post=2527"}],"version-history":[{"count":0,"href":"https:\/\/literarnenoviny.sk\/servis\/wp-json\/wp\/v2\/posts\/2527\/revisions"}],"wp:attachment":[{"href":"https:\/\/literarnenoviny.sk\/servis\/wp-json\/wp\/v2\/media?parent=2527"}],"wp:term":[{"taxonomy":"category","embeddable":true,"href":"https:\/\/literarnenoviny.sk\/servis\/wp-json\/wp\/v2\/categories?post=2527"},{"taxonomy":"post_tag","embeddable":true,"href":"https:\/\/literarnenoviny.sk\/servis\/wp-json\/wp\/v2\/tags?post=2527"}],"curies":[{"name":"wp","href":"https:\/\/api.w.org\/{rel}","templated":true}]}}