{"id":2517,"date":"2018-04-05T10:25:46","date_gmt":"2018-04-05T08:25:46","guid":{"rendered":"https:\/\/literarnenoviny.sk\/servis\/?p=2517"},"modified":"2018-04-05T10:39:46","modified_gmt":"2018-04-05T08:39:46","slug":"bratislavske-knihkupectva-opat-zatvoria-skor-a-podporia-obcianske-protesty","status":"publish","type":"post","link":"https:\/\/literarnenoviny.sk\/servis\/bratislavske-knihkupectva-opat-zatvoria-skor-a-podporia-obcianske-protesty\/","title":{"rendered":"Bratislavsk\u00e9 kn\u00edhkupectv\u00e1 op\u00e4\u0165 zatvoria sk\u00f4r a&nbsp;podporia ob\u010dianske protesty"},"content":{"rendered":"<p><strong>Zn\u00e1me bratislavsk\u00e9 kn\u00edhkupectv\u00e1 <a href=\"https:\/\/www.artforum.sk\/\" rel=\"noopener\" target=\"_blank\">Artforum<\/a> a&nbsp;<a href=\"https:\/\/www.martinus.sk\/?z=WLGC7F&#038;utm_source=z%3DWLGC7F&#038;utm_medium=url&#038;utm_campaign=partner\" rel=\"noopener\" target=\"_blank\">Martinus<\/a> vo&nbsp;\u0161tvrtok znovu zatvoria sk\u00f4r svoje predajne a&nbsp;podporia ob\u010dianske protesty<\/strong>. Umo\u017enia tak zamestnanom vyjadri\u0165 svoj postoj k&nbsp;ne\u010dinnosti novej vl\u00e1dy na&nbsp;<a href=\"https:\/\/literarnenoviny.sk\/servis\/podujatia\/postavme-sa-za-slusne-slovensko\/\" rel=\"noopener\" target=\"_blank\">verejnom zhroma\u017eden\u00ed<\/a> Postavme sa&nbsp;za&nbsp;slu\u0161n\u00e9 Slovensko.<\/p>\n<p><center><iframe loading=\"lazy\" src=\"https:\/\/www.facebook.com\/plugins\/post.php?href=https%3A%2F%2Fwww.facebook.com%2FMartinusBratislava%2Fposts%2F1748459495193031&#038;width=500\" width=\"500\" height=\"500\" style=\"border:none;overflow:hidden\" scrolling=\"no\" frameborder=\"0\" allowTransparency=\"true\"><\/iframe><\/center><\/p>\n<p>Ozn\u00e1menia s&nbsp;textom <em>\u201eDnes slu\u0161ne do&nbsp;17:00\u201c<\/em> sa&nbsp;objavuj\u00fa aj na&nbsp;vchodoch men\u0161\u00edch nez\u00e1visl\u00fdch kn\u00edhkupcov a&nbsp;in\u00fdch obchodn\u00fdch prev\u00e1dzok v&nbsp;bratislavskom Starom Meste.<\/p>\n<p>Protestn\u00e9 zhroma\u017edenie Postavme za&nbsp;slu\u0161n\u00e9 Slovensko <a href=\"https:\/\/www.facebook.com\/events\/2133758050192655\/\">o 17:00 hod na&nbsp;N\u00e1mest\u00ed SNP<\/a>. Okrem Bratislavy pr\u00eddu \u013eudia vyjadri\u0165 svoju nespokojnos\u0165 aj <a href=\"https:\/\/www.facebook.com\/events\/2133758050192655\/\" rel=\"noopener\" target=\"_blank\">v desiatkach \u010fal\u0161\u00edch miest<\/a> na&nbsp;celom Slovensku a&nbsp;v&nbsp;zahrani\u010d\u00ed.<\/p>\n","protected":false},"excerpt":{"rendered":"<p>Zn\u00e1me bratislavsk\u00e9 kn\u00edhkupectv\u00e1 Artforum a&nbsp;Martinus vo&nbsp;\u0161tvrtok znovu zatvoria sk\u00f4r svoje predajne a&nbsp;podporia ob\u010dianske protesty. Umo\u017enia tak zamestnanom vyjadri\u0165 svoj postoj k&nbsp;ne\u010dinnosti novej vl\u00e1dy na&nbsp;verejnom zhroma\u017eden\u00ed Postavme sa&nbsp;za&nbsp;slu\u0161n\u00e9 Slovensko. <a href=\"https:\/\/literarnenoviny.sk\/servis\/bratislavske-knihkupectva-opat-zatvoria-skor-a-podporia-obcianske-protesty\/\" class=\"more-link\">Cel\u00e1 spr\u00e1va <span class=\"meta-nav\">&rarr;<\/span><\/a><\/p>\n","protected":false},"author":2,"featured_media":0,"comment_status":"closed","ping_status":"closed","sticky":false,"template":"","format":"standard","meta":{"_links_to":"","_links_to_target":""},"categories":[1],"tags":[12,23],"_links":{"self":[{"href":"https:\/\/literarnenoviny.sk\/servis\/wp-json\/wp\/v2\/posts\/2517"}],"collection":[{"href":"https:\/\/literarnenoviny.sk\/servis\/wp-json\/wp\/v2\/posts"}],"about":[{"href":"https:\/\/literarnenoviny.sk\/servis\/wp-json\/wp\/v2\/types\/post"}],"author":[{"embeddable":true,"href":"https:\/\/literarnenoviny.sk\/servis\/wp-json\/wp\/v2\/users\/2"}],"replies":[{"embeddable":true,"href":"https:\/\/literarnenoviny.sk\/servis\/wp-json\/wp\/v2\/comments?post=2517"}],"version-history":[{"count":0,"href":"https:\/\/literarnenoviny.sk\/servis\/wp-json\/wp\/v2\/posts\/2517\/revisions"}],"wp:attachment":[{"href":"https:\/\/literarnenoviny.sk\/servis\/wp-json\/wp\/v2\/media?parent=2517"}],"wp:term":[{"taxonomy":"category","embeddable":true,"href":"https:\/\/literarnenoviny.sk\/servis\/wp-json\/wp\/v2\/categories?post=2517"},{"taxonomy":"post_tag","embeddable":true,"href":"https:\/\/literarnenoviny.sk\/servis\/wp-json\/wp\/v2\/tags?post=2517"}],"curies":[{"name":"wp","href":"https:\/\/api.w.org\/{rel}","templated":true}]}}