{"id":2510,"date":"2018-04-04T21:45:45","date_gmt":"2018-04-04T19:45:45","guid":{"rendered":"https:\/\/literarnenoviny.sk\/servis\/?p=2510"},"modified":"2018-04-05T09:39:55","modified_gmt":"2018-04-05T07:39:55","slug":"ceskou-knihou-roka-sa-stala-opustena-spolecnost-od-novinara-erika-taberyho","status":"publish","type":"post","link":"https:\/\/literarnenoviny.sk\/servis\/ceskou-knihou-roka-sa-stala-opustena-spolecnost-od-novinara-erika-taberyho\/","title":{"rendered":"\u010ceskou knihou roka sa&nbsp;stala Opu\u0161t\u011bn\u00e1 spole\u010dnost od&nbsp;novin\u00e1ra Erika Taberyho"},"content":{"rendered":"<p><strong>\u010ceskou knihou roka sa&nbsp;v&nbsp;r\u00e1mci ka\u017edoro\u010dn\u00e9ho ude\u013eovania cien <a href=\"http:\/\/www.magnesia-litera.cz\/\" rel=\"noopener\" target=\"_blank\">Magnesia Litera<\/a> stal titul <em>Opu\u0161t\u011bn\u00e1 spole\u010dnost<\/em> spisovate\u013ea a&nbsp;\u0161\u00e9fredaktora \u010dasopisu <a href=\"https:\/\/www.respekt.cz\/\" rel=\"noopener\" target=\"_blank\">Respekt<\/a> Erika Taberyho<\/strong>. Autor v&nbsp;nej h\u013ead\u00e1 paralely medzi minul\u00fdm a&nbsp;s\u00fa\u010dasn\u00fdm smerovan\u00edm \u010deskej politiky a&nbsp;spolo\u010dnosti. Pre&nbsp;Taberyho je&nbsp;to prv\u00e9 ocenenie Magnesia Litera.  <\/p>\n<p><center><\/p>\n<blockquote class=\"twitter-tweet\" data-lang=\"sk\">\n<p lang=\"cs\" dir=\"ltr\">M\u00e1me obrovskou radost, \u017ee&nbsp;v&nbsp;<a href=\"https:\/\/twitter.com\/hashtag\/MagnesiaLitera?src=hash&amp;ref_src=twsrc%5Etfw\">#MagnesiaLitera<\/a> usp\u011bli hned dva na\u0161i kolegov\u00e9. Knihou roku je&nbsp;Opu\u0161t\u011bn\u00e1 spole\u010dnost <a href=\"https:\/\/twitter.com\/etabery?ref_src=twsrc%5Etfw\">@etabery<\/a>, <br \/>v kategorii objev roku usp\u011bl <a href=\"https:\/\/twitter.com\/mareksvehla?ref_src=twsrc%5Etfw\">@mareksvehla<\/a> se svou knihou Magor a&nbsp;jeho doba. Gratulujeme! ?? <a href=\"https:\/\/t.co\/u3nLc6oGcf\">pic.twitter.com\/u3nLc6oGcf<\/a><\/p>\n<p>&mdash; T\u00fdden\u00edk Respekt (@RESPEKT_CZ) <a href=\"https:\/\/twitter.com\/RESPEKT_CZ\/status\/981623280032473088?ref_src=twsrc%5Etfw\">4.&nbsp;apr\u00edla 2018<\/a><\/p><\/blockquote>\n<p><script async src=\"https:\/\/platform.twitter.com\/widgets.js\" charset=\"utf-8\"><\/script><\/center><\/p>\n<p>V kateg\u00f3rii Litera za&nbsp;publicistiku bola nominovan\u00e1 aj jeho kniha <em>Vl\u00e1dneme, neru\u0161it<\/em>, nakoniec v\u0161ak v&nbsp;nej zv\u00ed\u0165azil <a href=\"https:\/\/cs.wikipedia.org\/wiki\/Patrik_Ou\u0159edn\u00edk\" rel=\"noopener\" target=\"_blank\">Patrik Ou\u0159edn\u00edk<\/a> a&nbsp;jeho <em>Antialkor\u00e1n aneb nejasn\u00fd sv\u011bt T. H.<\/em><\/p>\n<p>V hlasovan\u00ed o&nbsp;knih\u00e1ch storo\u010dia uspeli knihy <em>Saturnin<\/em>, <em>Osudy dobr\u00e9ho voj\u00e1ka \u0160vejka za&nbsp;sv\u011btov\u00e9 v\u00e1lky<\/em> a&nbsp;<em>Divadlo J\u00e1ry Cimrmana<\/em>. Bodoval tie\u017e <a href=\"https:\/\/cs.wikipedia.org\/wiki\/Bohumil_Hrabal\" rel=\"noopener\" target=\"_blank\">Bohumil Hrabal<\/a> s&nbsp;rom\u00e1nom <em>Obsluhoval jsem anglick\u00e9ho kr\u00e1le<\/em> a&nbsp;titul <em>Bylo n\u00e1s p\u011bt<\/em> od&nbsp;<a href=\"https:\/\/cs.wikipedia.org\/wiki\/Karel_Pol\u00e1\u010dek\" rel=\"noopener\" target=\"_blank\">Karla Pol\u00e1\u010dka<\/a>.<\/p>\n<p>O v\u00ed\u0165azn\u00fdch tituloch hlasovalo 1&nbsp;735 \u010ditate\u013eov, a&nbsp;199 novin\u00e1rov a&nbsp;liter\u00e1tov.<\/p>\n<p style=\"text-align: right;\"><small><a href=\"https:\/\/kultura.zpravy.idnes.cz\/magnesia-litera-2018-erik-tabery-saturnin-svejk-fo0-\/literatura.aspx?c=A180404_123739_literatura_kiz\" target=\"_blank\">iDnes.cz<\/a><\/small><\/p>\n","protected":false},"excerpt":{"rendered":"<p>\u010ceskou knihou roka sa&nbsp;v&nbsp;r\u00e1mci ka\u017edoro\u010dn\u00e9ho ude\u013eovania cien Magnesia Litera stal titul Opu\u0161t\u011bn\u00e1 spole\u010dnost od&nbsp;spisovate\u013ea a&nbsp;\u0161\u00e9fredaktora \u010dasopisu Respekt Erika Taberyho. Autor v&nbsp;nej h\u013ead\u00e1 paralely medzi minul\u00fdm a&nbsp;s\u00fa\u010dasn\u00fdm smerovan\u00edm \u010deskej politiky a&nbsp;spolo\u010dnosti. <a href=\"https:\/\/literarnenoviny.sk\/servis\/ceskou-knihou-roka-sa-stala-opustena-spolecnost-od-novinara-erika-taberyho\/\" class=\"more-link\">Cel\u00e1 spr\u00e1va <span class=\"meta-nav\">&rarr;<\/span><\/a><\/p>\n","protected":false},"author":2,"featured_media":0,"comment_status":"closed","ping_status":"closed","sticky":false,"template":"","format":"standard","meta":{"_links_to":"","_links_to_target":""},"categories":[1],"tags":[103,14,21,27],"_links":{"self":[{"href":"https:\/\/literarnenoviny.sk\/servis\/wp-json\/wp\/v2\/posts\/2510"}],"collection":[{"href":"https:\/\/literarnenoviny.sk\/servis\/wp-json\/wp\/v2\/posts"}],"about":[{"href":"https:\/\/literarnenoviny.sk\/servis\/wp-json\/wp\/v2\/types\/post"}],"author":[{"embeddable":true,"href":"https:\/\/literarnenoviny.sk\/servis\/wp-json\/wp\/v2\/users\/2"}],"replies":[{"embeddable":true,"href":"https:\/\/literarnenoviny.sk\/servis\/wp-json\/wp\/v2\/comments?post=2510"}],"version-history":[{"count":0,"href":"https:\/\/literarnenoviny.sk\/servis\/wp-json\/wp\/v2\/posts\/2510\/revisions"}],"wp:attachment":[{"href":"https:\/\/literarnenoviny.sk\/servis\/wp-json\/wp\/v2\/media?parent=2510"}],"wp:term":[{"taxonomy":"category","embeddable":true,"href":"https:\/\/literarnenoviny.sk\/servis\/wp-json\/wp\/v2\/categories?post=2510"},{"taxonomy":"post_tag","embeddable":true,"href":"https:\/\/literarnenoviny.sk\/servis\/wp-json\/wp\/v2\/tags?post=2510"}],"curies":[{"name":"wp","href":"https:\/\/api.w.org\/{rel}","templated":true}]}}