{"id":25,"date":"2017-01-31T08:00:19","date_gmt":"2017-01-31T07:00:19","guid":{"rendered":"http:\/\/www.literarnenoviny.sk\/servis\/?p=25"},"modified":"2017-08-08T21:32:46","modified_gmt":"2017-08-08T19:32:46","slug":"predsedom-poroty-filmoveho-festivalu-v-cannes-bude-spanielsky-reziser-pedro-almodovar","status":"publish","type":"post","link":"https:\/\/literarnenoviny.sk\/servis\/predsedom-poroty-filmoveho-festivalu-v-cannes-bude-spanielsky-reziser-pedro-almodovar\/","title":{"rendered":"Predsedom poroty filmov\u00e9ho festivalu v&nbsp;Cannes bude \u0161panielsky re\u017eis\u00e9r Pedro Almod\u00f3var"},"content":{"rendered":"<p>Predsedom poroty filmov\u00e9ho festivalu v&nbsp;Cannes bude \u0161panielsky re\u017eis\u00e9r Pedro Almod\u00f3var<\/p>\n","protected":false},"excerpt":{"rendered":"<p>Predsedom poroty filmov\u00e9ho festivalu v&nbsp;Cannes bude \u0161panielsky re\u017eis\u00e9r Pedro Almod\u00f3var <a href=\"https:\/\/literarnenoviny.sk\/servis\/predsedom-poroty-filmoveho-festivalu-v-cannes-bude-spanielsky-reziser-pedro-almodovar\/\" class=\"more-link\">Cel\u00e1 spr\u00e1va <span class=\"meta-nav\">&rarr;<\/span><\/a><\/p>\n","protected":false},"author":2,"featured_media":0,"comment_status":"closed","ping_status":"open","sticky":false,"template":"","format":"standard","meta":{"_links_to":"","_links_to_target":""},"categories":[1],"tags":[15,16,3],"_links":{"self":[{"href":"https:\/\/literarnenoviny.sk\/servis\/wp-json\/wp\/v2\/posts\/25"}],"collection":[{"href":"https:\/\/literarnenoviny.sk\/servis\/wp-json\/wp\/v2\/posts"}],"about":[{"href":"https:\/\/literarnenoviny.sk\/servis\/wp-json\/wp\/v2\/types\/post"}],"author":[{"embeddable":true,"href":"https:\/\/literarnenoviny.sk\/servis\/wp-json\/wp\/v2\/users\/2"}],"replies":[{"embeddable":true,"href":"https:\/\/literarnenoviny.sk\/servis\/wp-json\/wp\/v2\/comments?post=25"}],"version-history":[{"count":0,"href":"https:\/\/literarnenoviny.sk\/servis\/wp-json\/wp\/v2\/posts\/25\/revisions"}],"wp:attachment":[{"href":"https:\/\/literarnenoviny.sk\/servis\/wp-json\/wp\/v2\/media?parent=25"}],"wp:term":[{"taxonomy":"category","embeddable":true,"href":"https:\/\/literarnenoviny.sk\/servis\/wp-json\/wp\/v2\/categories?post=25"},{"taxonomy":"post_tag","embeddable":true,"href":"https:\/\/literarnenoviny.sk\/servis\/wp-json\/wp\/v2\/tags?post=25"}],"curies":[{"name":"wp","href":"https:\/\/api.w.org\/{rel}","templated":true}]}}