{"id":2495,"date":"2018-04-04T10:15:29","date_gmt":"2018-04-04T08:15:29","guid":{"rendered":"https:\/\/literarnenoviny.sk\/servis\/?p=2495"},"modified":"2018-04-04T11:12:28","modified_gmt":"2018-04-04T09:12:28","slug":"novinari-z-rtvs-sa-postavili-proti-vytlacaniu-profesionalov-z-verejnopravneho-media","status":"publish","type":"post","link":"https:\/\/literarnenoviny.sk\/servis\/novinari-z-rtvs-sa-postavili-proti-vytlacaniu-profesionalov-z-verejnopravneho-media\/","title":{"rendered":"Novin\u00e1ri z&nbsp;RTVS sa&nbsp;postavili proti vytl\u00e1\u010daniu profesion\u00e1lov z&nbsp;verejnopr\u00e1vneho m\u00e9dia"},"content":{"rendered":"<p><strong>Novin\u00e1ri z&nbsp;RTVS sa&nbsp;postavili proti vytl\u00e1\u010daniu profesion\u00e1lov z&nbsp;verejnopr\u00e1vneho m\u00e9dia<\/strong>. Stalo sa&nbsp;tak de\u0148 po&nbsp;tom, ako dostala v\u00fdpove\u010f jedna z&nbsp;najsk\u00fasenej\u0161\u00edch novin\u00e1rok, O\u013ega Bakov\u00e1. <\/p>\n<p>V otvorenom liste sa&nbsp;ozvalo asi \u0161es\u0165desiat novin\u00e1rov verejnopr\u00e1vneho m\u00e9dia. Kritizuj\u00fa atmosf\u00e9ru v&nbsp;spravodajstve, pr\u00edstup vedenia a&nbsp;pretl\u00e1\u010danie sporn\u00fdch respondentov do&nbsp;report\u00e1\u017e\u00ed. <a href=\"https:\/\/literarnenoviny.sk\/servis\/sefovi-spravodajstva-rtvs-sa-nepacia-odznaky-allforjan-vo-vysielani\/\" rel=\"noopener\" target=\"_blank\">Report\u00e9ri reaguj\u00fa aj na&nbsp;spor<\/a> s&nbsp;ich nov\u00fdm \u0161\u00e9fom Vahramom Chuguryanom, \u010di&nbsp;m\u00f4\u017eu ma\u0165 vo&nbsp;vysielan\u00ed odznaky so&nbsp;sloganom <a href=\"https:\/\/twitter.com\/hashtag\/allforjan\" rel=\"noopener\" target=\"_blank\">#AllForJan<\/a>.<\/p>\n<p><em>\u201eN\u00e1\u0161 priamy nadriaden\u00fd o&nbsp;n\u00e1s minul\u00fd t\u00fd\u017ede\u0148 verejne vyhl\u00e1sil, \u017ee&nbsp;n\u00e1m niektor\u00fdm nejde o&nbsp;\u010destn\u00fa a&nbsp;profesion\u00e1lnu novin\u00e1r\u010dinu, ale o&nbsp;priame zasahovanie do&nbsp;politiky. Je&nbsp;to lo\u017e,\u201c<\/em> p\u00ed\u0161u novin\u00e1ri na&nbsp;\u00favod listu.<\/p>\n<p><em>\u201ePo viacer\u00fdch pokusoch rie\u0161i\u0165 situ\u00e1ciu v&nbsp;spravodajstve RTVS interne, je&nbsp;to prekro\u010denie hranice, ke\u010f sa&nbsp;mus\u00edme ohradi\u0165 aj verejne.\u201c<\/em><\/p>\n<p>Nap\u00e4tie vo&nbsp;verejnopr\u00e1vnom m\u00e9diu za\u010dalo u\u017e&nbsp;v&nbsp;lete minul\u00e9ho roku, ke\u010f do&nbsp;\u010dela RTVS koali\u010dn\u00fd poslanci N\u00e1rodnej rady Slovenskej republiky zvolili kontroverzn\u00e9ho Jaroslava Rezn\u00edka.<\/p>\n","protected":false},"excerpt":{"rendered":"<p>V otvorenom liste sa&nbsp;ozvalo asi \u0161es\u0165desiat novin\u00e1rov verejnopr\u00e1vneho m\u00e9dia. Kritizuj\u00fa atmosf\u00e9ru v&nbsp;spravodajstve, pr\u00edstup vedenia, pretl\u00e1\u010danie sporn\u00fdch respondentov do&nbsp;report\u00e1\u017e\u00ed. Stalo sa&nbsp;tak de\u0148 po&nbsp;tom, ako dostala v\u00fdpove\u010f jedna z&nbsp;najsk\u00fasenej\u0161\u00edch novin\u00e1rok, O\u013ega Bakov\u00e1. <a href=\"https:\/\/literarnenoviny.sk\/servis\/novinari-z-rtvs-sa-postavili-proti-vytlacaniu-profesionalov-z-verejnopravneho-media\/\" class=\"more-link\">Cel\u00e1 spr\u00e1va <span class=\"meta-nav\">&rarr;<\/span><\/a><\/p>\n","protected":false},"author":2,"featured_media":0,"comment_status":"closed","ping_status":"closed","sticky":false,"template":"","format":"standard","meta":{"_links_to":"","_links_to_target":""},"categories":[1],"tags":[37,33,27],"_links":{"self":[{"href":"https:\/\/literarnenoviny.sk\/servis\/wp-json\/wp\/v2\/posts\/2495"}],"collection":[{"href":"https:\/\/literarnenoviny.sk\/servis\/wp-json\/wp\/v2\/posts"}],"about":[{"href":"https:\/\/literarnenoviny.sk\/servis\/wp-json\/wp\/v2\/types\/post"}],"author":[{"embeddable":true,"href":"https:\/\/literarnenoviny.sk\/servis\/wp-json\/wp\/v2\/users\/2"}],"replies":[{"embeddable":true,"href":"https:\/\/literarnenoviny.sk\/servis\/wp-json\/wp\/v2\/comments?post=2495"}],"version-history":[{"count":0,"href":"https:\/\/literarnenoviny.sk\/servis\/wp-json\/wp\/v2\/posts\/2495\/revisions"}],"wp:attachment":[{"href":"https:\/\/literarnenoviny.sk\/servis\/wp-json\/wp\/v2\/media?parent=2495"}],"wp:term":[{"taxonomy":"category","embeddable":true,"href":"https:\/\/literarnenoviny.sk\/servis\/wp-json\/wp\/v2\/categories?post=2495"},{"taxonomy":"post_tag","embeddable":true,"href":"https:\/\/literarnenoviny.sk\/servis\/wp-json\/wp\/v2\/tags?post=2495"}],"curies":[{"name":"wp","href":"https:\/\/api.w.org\/{rel}","templated":true}]}}