{"id":24660,"date":"2025-04-15T21:30:36","date_gmt":"2025-04-15T19:30:36","guid":{"rendered":"https:\/\/literarnenoviny.sk\/servis\/?p=24660"},"modified":"2025-04-19T14:42:50","modified_gmt":"2025-04-19T12:42:50","slug":"vo-veku-61-rokov-zomrel-slovensky-grafik-a-ilustrator-dusan-kojnok","status":"publish","type":"post","link":"https:\/\/literarnenoviny.sk\/servis\/vo-veku-61-rokov-zomrel-slovensky-grafik-a-ilustrator-dusan-kojnok\/","title":{"rendered":"Vo veku 61 rokov zomrel slovensk\u00fd grafik a&nbsp;ilustr\u00e1tor Du\u0161an Kojnok"},"content":{"rendered":"<p><strong>Vo veku 61 rokov zomrel slovensk\u00fd grafik, anim\u00e1tor a&nbsp;ilustr\u00e1tor Du\u0161an Kojnok<\/strong>, informovali o&nbsp;tom jeho bl\u00edzki a&nbsp;priatelia na&nbsp;socialnej sieti Facebook. Absolvent ko\u0161ickej Strednej umelecko-priemyselnej \u0161koly v&nbsp;ostatn\u00fdch rokoch \u017eil a&nbsp;tvoril v&nbsp;Banskej Bystrici.<\/p>\n<p>Posledn\u00e1 rozl\u00fa\u010dka so&nbsp;zosnul\u00fdm umelcom sa&nbsp;uskuto\u010dn\u00ed vo&nbsp;\u0161tvrtok 17.&nbsp;apr\u00edla o&nbsp;14:00 v&nbsp;banskobystrickom kremat\u00f3riu.<\/p>\n<p><center><div class=\"gca-utility vertical-spacer\"><\/div><iframe loading=\"lazy\" src=\"https:\/\/www.facebook.com\/plugins\/post.php?href=https%3A%2F%2Fwww.facebook.com%2Fbystricak%2Fposts%2Fpfbid02qjo6w9t92ZEV4ySBMFqBkDo2nD2ExE3YDCNWxmkH5CJdtFZaadNj9NKwUdZvzpjQl&#038;width=460&#038;show_text=true&#038;appId=2424319851126972&#038;height=589\" width=\"460\" height=\"589\" style=\"border:none;overflow:hidden\" scrolling=\"no\" frameborder=\"0\" allowfullscreen=\"true\" allow=\"autoplay; clipboard-write; encrypted-media; picture-in-picture; web-share\"><\/iframe><div class=\"gca-utility vertical-spacer\"><\/div><\/center><\/p>\n<p>Du\u0161an Kojnok bol pod\u013ea vyjadren\u00ed jeho genera\u010dn\u00fdch s\u00faputn\u00edkov talentovan\u00fd kresliar s&nbsp;fenomen\u00e1lnou vizu\u00e1lnou pam\u00e4\u0165ou a&nbsp;nesmierne zru\u010dn\u00fd anim\u00e1tor.<\/p>\n<p><em>\u201eOtvoril mi ve\u013ea dver\u00ed, ktor\u00e9 som ani netu\u0161il, \u017ee&nbsp;s\u00fa k&nbsp;dispoz\u00edcii,\u201c<\/em> nap\u00edsal <a href=\"https:\/\/www.facebook.com\/martin.knut.37\/posts\/pfbid0V2owefdG6ZSewi9TREkXff4KiVbHSsuJKWCmTpSapEGMZvNzE6nhccX2FYBb85YDl\" rel=\"noopener\" target=\"_blank\">v pr\u00edspevku<\/a> na&nbsp;socialnej sieti jeho niekdaj\u0161\u00ed spolu\u017eiak, zakladate\u013e reklamnej agent\u00fary Publicis Knut a&nbsp;s\u00fa\u010dasn\u00fd \u0161\u00e9f spr\u00e1vnej rady Ligy za&nbsp;du\u0161evn\u00e9 zdravie Martin Knut. <em>\u201eStretli sme sa&nbsp;v&nbsp;Ko\u0161iciach na&nbsp;umeleckej priemyslovke. On u\u017e&nbsp;vtedy s&nbsp;v\u00fdrazn\u00fdm lookom \u010dervenovlas\u00e9ho Darta\u0148ana\u201c<\/em>.<\/p>\n<p style=\"text-align: right;\"><small>&mdash;&nbsp;<a href=\"https:\/\/www.bystricak.sk\/clanky\/5789\/zomrel-vytvarnik-dusan-kojnok-z-bystrice-bola-to-kresliarska-legenda-spominaju-jeho-kamarati\" target=\"_blank\" rel=\"noopener\">Bystricak.sk<\/a><\/small><\/p>\n<div class=\"gca-utility clearfix\"><\/div>\n<div class=\"gca-utility vertical-spacer\"><\/div>\n<p><center><span class=\"fullscreen\"><a href=\"\/\/www.martinus.sk\/?z=WLGC7F&#038;utm_source=z%3DWLGC7F&#038;utm_medium=banner1_468x60&#038;utm_campaign=partner\"><img decoding=\"async\" src=\"\/\/www.martinus.sk\/images\/banners\/468x60.jpg\" alt=\"www.martinus.sk\" \/><\/a><\/span><\/center><\/p>\n","protected":false},"excerpt":{"rendered":"<p>Vo veku 61 rokov zomrel slovensk\u00fd grafik a&nbsp;ilustr\u00e1tor Du\u0161an Kojnok, informovali o&nbsp;tom jeho bl\u00edzki a&nbsp;priatelia na&nbsp;socialnej sieti Facebook. Absolvent ko\u0161ickej Strednej umelecko-priemyselnej \u0161koly v&nbsp;ostatn\u00fdch rokoch \u017eil a&nbsp;tvoril v&nbsp;Banskej Bystrici. <a href=\"https:\/\/literarnenoviny.sk\/servis\/vo-veku-61-rokov-zomrel-slovensky-grafik-a-ilustrator-dusan-kojnok\/\" class=\"more-link\">Cel\u00e1 spr\u00e1va <span class=\"meta-nav\">&rarr;<\/span><\/a><\/p>\n","protected":false},"author":2,"featured_media":0,"comment_status":"closed","ping_status":"closed","sticky":false,"template":"","format":"standard","meta":{"_links_to":"","_links_to_target":""},"categories":[1],"tags":[64,3,209],"_links":{"self":[{"href":"https:\/\/literarnenoviny.sk\/servis\/wp-json\/wp\/v2\/posts\/24660"}],"collection":[{"href":"https:\/\/literarnenoviny.sk\/servis\/wp-json\/wp\/v2\/posts"}],"about":[{"href":"https:\/\/literarnenoviny.sk\/servis\/wp-json\/wp\/v2\/types\/post"}],"author":[{"embeddable":true,"href":"https:\/\/literarnenoviny.sk\/servis\/wp-json\/wp\/v2\/users\/2"}],"replies":[{"embeddable":true,"href":"https:\/\/literarnenoviny.sk\/servis\/wp-json\/wp\/v2\/comments?post=24660"}],"version-history":[{"count":13,"href":"https:\/\/literarnenoviny.sk\/servis\/wp-json\/wp\/v2\/posts\/24660\/revisions"}],"predecessor-version":[{"id":24673,"href":"https:\/\/literarnenoviny.sk\/servis\/wp-json\/wp\/v2\/posts\/24660\/revisions\/24673"}],"wp:attachment":[{"href":"https:\/\/literarnenoviny.sk\/servis\/wp-json\/wp\/v2\/media?parent=24660"}],"wp:term":[{"taxonomy":"category","embeddable":true,"href":"https:\/\/literarnenoviny.sk\/servis\/wp-json\/wp\/v2\/categories?post=24660"},{"taxonomy":"post_tag","embeddable":true,"href":"https:\/\/literarnenoviny.sk\/servis\/wp-json\/wp\/v2\/tags?post=24660"}],"curies":[{"name":"wp","href":"https:\/\/api.w.org\/{rel}","templated":true}]}}