{"id":24489,"date":"2025-02-01T12:30:52","date_gmt":"2025-02-01T11:30:52","guid":{"rendered":"https:\/\/literarnenoviny.sk\/servis\/?p=24489"},"modified":"2025-02-01T19:02:03","modified_gmt":"2025-02-01T18:02:03","slug":"vo-veku-64-rokov-zomrel-slovensky-maliar-grafik-a-ilustrator-peter-stankovic","status":"publish","type":"post","link":"https:\/\/literarnenoviny.sk\/servis\/vo-veku-64-rokov-zomrel-slovensky-maliar-grafik-a-ilustrator-peter-stankovic\/","title":{"rendered":"Vo veku 64 rokov zomrel slovensk\u00fd maliar, grafik a&nbsp;ilustr\u00e1tor Peter Stankovi\u010d"},"content":{"rendered":"<p><strong>Vo veku 64 rokov zomrel slovensk\u00fd maliar, grafik a&nbsp;ilustr\u00e1tor <a href=\"https:\/\/www.galori.eu\/stankovic-peter\/\" rel=\"noopener\" target=\"_blank\">Peter Stankovi\u010d<\/a><\/strong>, na&nbsp;soci\u00e1lnej sieti to <!a href=\"https:\/\/www.facebook.com\/monika.vancova.12\/posts\/4041485322763369\" rel=\"noopener\" target=\"_blank\">ozn\u00e1mila<\/a> umelcova man\u017eelka v\u00fdtvarn\u00ed\u010dka Monika Van\u010dov\u00e1. Charakteristick\u00fdm znakom jeho \u017eivota a&nbsp;tvorby bol najm\u00e4 optimizmus a&nbsp;humor vo&nbsp;v\u0161etk\u00fdch podob\u00e1ch. <\/p>\n<p>Bratislavsk\u00fd rod\u00e1k, autor komiksov, ilustr\u00e1tor a&nbsp;muzikant skonal po&nbsp;ta\u017ekej chorobe.<\/p>\n<p><center><div class=\"gca-utility vertical-spacer\"><\/div><iframe loading=\"lazy\" src=\"https:\/\/www.facebook.com\/plugins\/post.php?href=https%3A%2F%2Fwww.facebook.com%2FFestivalKremnickeGagy%2Fposts%2Fpfbid05shmav8LFW52epfiXaQm1Dr6sNWfgkzsuDvRyCw6vG59CkSwCE2EDmNdzU5J5Si9l&#038;width=460&#038;show_text=true&#038;appId=2424319851126972&#038;height=663\" width=\"460\" height=\"663\" style=\"border:none;overflow:hidden\" scrolling=\"no\" frameborder=\"0\" allowfullscreen=\"true\" allow=\"autoplay; clipboard-write; encrypted-media; picture-in-picture; web-share\"><\/iframe><div class=\"gca-utility vertical-spacer\"><\/div><\/center><\/p>\n<p>Peter Stankovi\u010d za\u010d\u00ednal v&nbsp;Umelecko-dekora\u010dn\u00fdch diel\u0148ach Slovensk\u00e9ho n\u00e1rodn\u00e9ho divadla a&nbsp;pod\u013ea jeho slov to bola t\u00e1 <em>\u201enajlep\u0161ia \u0161kola\u201c<\/em>. <\/p>\n<p>Po absolvovan\u00ed dvojro\u010dnej vojenskej z\u00e1kladnej slu\u017eby ho prijali na&nbsp;\u0160kolu umeleck\u00e9ho priemyslu. \u0160tudoval soch\u00e1rstvo, no jeho <em>\u201esrdcovkou\u201c<\/em> bola ma\u013eba a&nbsp;kresba. Po\u010das \u0161t\u00fadia na&nbsp;<em>\u201e\u0161upke\u201c<\/em> ilustroval detsk\u00e9 \u010dasopisy a&nbsp;po&nbsp;jej absolvovan\u00ed pracoval v&nbsp;Slovenskej filmovej tvorbe na&nbsp;bratislavskej Kolibe. <\/p>\n<p>Po Ne\u017enej revol\u00facii p\u00f4sobil ako art direktor v&nbsp;reklamnej agent\u00fare a&nbsp;venoval sa&nbsp;ilustrovaniu detsk\u00fdch kn\u00edh. Zn\u00e1me s\u00fa jeho postavi\u010dky Janka Hra\u0161ka, Jurka J\u00e1no\u0161\u00edka, Adama a&nbsp;Evy pri strome poznania \u010di&nbsp;mal\u00e9ho hudobn\u00e9ho g\u00e9nia Wolfganga Amadea Mozarta.<\/p>\n<p><em>\u201eJedna kniha mi v&nbsp;pohode zaberie aj rok.\u010ci sa&nbsp;to oplat\u00ed? Finan\u010dne nie, ale na&nbsp;druhej strane kni\u017eka je&nbsp;kni\u017eka. A&nbsp;ke\u010f je&nbsp;pre&nbsp;deti, tak je&nbsp;to to najlep\u0161ie, \u010do&nbsp;m\u00f4\u017eem ma\u0165. Uvedomujem si, \u017ee&nbsp;ilustr\u00e1cie ovplyv\u0148uj\u00fa deti na&nbsp;cel\u00fd \u017eivot,\u201c<\/em> uviedol tvorca pred rokom v&nbsp;rozhovore pre&nbsp;\u010dasopis <a href=\"https:\/\/zivot.pluska.sk\/pribehy\/ploskate-hlavy-techniku-mu-moze-odkopirovat-kto-chce-ale-napady-nie\" rel=\"noopener\" target=\"_blank\">\u017divot<\/a>.<\/p>\n<p style=\"text-align: right;\"><small>&mdash;&nbsp;<a href=\"---\" target=\"_blank\" rel=\"noopener\"> <\/a><\/small><\/p>\n<div class=\"gca-utility clearfix\"><\/div>\n<div class=\"gca-utility vertical-spacer\"><\/div>\n<p><center><span class=\"fullscreen\"><a href=\"\/\/www.martinus.sk\/?z=WLGC7F&#038;utm_source=z%3DWLGC7F&#038;utm_medium=banner1_468x60&#038;utm_campaign=partner\"><img decoding=\"async\" src=\"\/\/www.martinus.sk\/images\/banners\/468x60.jpg\" alt=\"www.martinus.sk\" \/><\/a><\/span><\/center><\/p>\n","protected":false},"excerpt":{"rendered":"<p>Vo veku 64 rokov zomrel slovensk\u00fd maliar, grafik a&nbsp;ilustr\u00e1tor Peter Stankovi\u010d, na&nbsp;soci\u00e1lnej sieti o&nbsp;tom informovala umelcova man\u017eelka v\u00fdtvarn\u00ed\u010dka Monika Van\u010dov\u00e1. <a href=\"https:\/\/literarnenoviny.sk\/servis\/vo-veku-64-rokov-zomrel-slovensky-maliar-grafik-a-ilustrator-peter-stankovic\/\" class=\"more-link\">Cel\u00e1 spr\u00e1va <span class=\"meta-nav\">&rarr;<\/span><\/a><\/p>\n","protected":false},"author":2,"featured_media":0,"comment_status":"closed","ping_status":"closed","sticky":false,"template":"","format":"standard","meta":{"_links_to":"","_links_to_target":""},"categories":[1],"tags":[166,64,3,209],"_links":{"self":[{"href":"https:\/\/literarnenoviny.sk\/servis\/wp-json\/wp\/v2\/posts\/24489"}],"collection":[{"href":"https:\/\/literarnenoviny.sk\/servis\/wp-json\/wp\/v2\/posts"}],"about":[{"href":"https:\/\/literarnenoviny.sk\/servis\/wp-json\/wp\/v2\/types\/post"}],"author":[{"embeddable":true,"href":"https:\/\/literarnenoviny.sk\/servis\/wp-json\/wp\/v2\/users\/2"}],"replies":[{"embeddable":true,"href":"https:\/\/literarnenoviny.sk\/servis\/wp-json\/wp\/v2\/comments?post=24489"}],"version-history":[{"count":20,"href":"https:\/\/literarnenoviny.sk\/servis\/wp-json\/wp\/v2\/posts\/24489\/revisions"}],"predecessor-version":[{"id":24509,"href":"https:\/\/literarnenoviny.sk\/servis\/wp-json\/wp\/v2\/posts\/24489\/revisions\/24509"}],"wp:attachment":[{"href":"https:\/\/literarnenoviny.sk\/servis\/wp-json\/wp\/v2\/media?parent=24489"}],"wp:term":[{"taxonomy":"category","embeddable":true,"href":"https:\/\/literarnenoviny.sk\/servis\/wp-json\/wp\/v2\/categories?post=24489"},{"taxonomy":"post_tag","embeddable":true,"href":"https:\/\/literarnenoviny.sk\/servis\/wp-json\/wp\/v2\/tags?post=24489"}],"curies":[{"name":"wp","href":"https:\/\/api.w.org\/{rel}","templated":true}]}}