{"id":24429,"date":"2025-01-08T15:10:24","date_gmt":"2025-01-08T14:10:24","guid":{"rendered":"https:\/\/literarnenoviny.sk\/servis\/?p=24429"},"modified":"2025-02-14T16:23:05","modified_gmt":"2025-02-14T15:23:05","slug":"ministerka-kultury-odvolala-riaditela-slovenskeho-literarneho-centra-pavla-sibylu","status":"publish","type":"post","link":"https:\/\/literarnenoviny.sk\/servis\/ministerka-kultury-odvolala-riaditela-slovenskeho-literarneho-centra-pavla-sibylu\/","title":{"rendered":"Ministerka kult\u00fary odvolala riadite\u013ea Slovensk\u00e9ho liter\u00e1rneho centra Pavla Sibylu"},"content":{"rendered":"<p><strong>Ministerka kult\u00fary Ministerka \u0160imkovi\u010dov\u00e1 odvolala riadite\u013ea <a href=\"https:\/\/www.litcentrum.sk\/\" rel=\"noopener\" target=\"_blank\">Slovensk\u00e9ho liter\u00e1rneho centra<\/a> Pavla Sibylu<\/strong>. Centrum uviedlo, \u017ee&nbsp;list od&nbsp;ministerky mu pri\u0161li odovzda\u0165 zamestnanci rezortu kult\u00fary. Publicista a&nbsp;autor viacer\u00fdch kn\u00edh viedol centrum <a href=\"https:\/\/literarnenoviny.sk\/servis\/novym-riaditelom-literarneho-informacneho-centra-by-sa-mal-stat-pavel-sibyla\/\" rel=\"noopener\" target=\"_blank\">od novembra 2021<\/a>, ke\u010f uspel vo&nbsp;v\u00fdberovom konan\u00ed.<\/p>\n<p>Pavel Sibyla predt\u00fdm odbor vn\u00fatornej politiky v&nbsp;kancel\u00e1rii prezidenta Andreja Kisku a&nbsp;nasleduj\u00face dva roky bol riadite\u013eom Nad\u00e1cie Zastavme korupciu.<\/p>\n<p><center><div class=\"gca-utility vertical-spacer\"><\/div><iframe loading=\"lazy\" src=\"https:\/\/www.facebook.com\/plugins\/post.php?href=https%3A%2F%2Fwww.facebook.com%2Flitcentrum.sk%2Fposts%2Fpfbid0si5mKy4Bbe4wfnxn5QRxv1y7xH5PWcSJt55E13fuZFLHP4hD7fKMiKdtsYruQDNUl&#038;width=460&#038;show_text=true&#038;appId=2424319851126972&#038;height=634\" width=\"460\" height=\"634\" style=\"border:none;overflow:hidden\" scrolling=\"no\" frameborder=\"0\" allowfullscreen=\"true\" allow=\"autoplay; clipboard-write; encrypted-media; picture-in-picture; web-share\"><\/iframe><div class=\"gca-utility vertical-spacer\"><\/div><\/center><\/p>\n<p>Odvolan\u00fd \u0161\u00e9f centra na&nbsp;konci decembra 2024 informoval, \u017ee&nbsp;od&nbsp;15.&nbsp;janu\u00e1ra 2025 pl\u00e1nuje nast\u00fapi\u0165 na&nbsp;rodi\u010dovsk\u00fa dovolenku. Do&nbsp;okt\u00f3bra ho mal zastupova\u0165 \u0161\u00e9fredaktor Kni\u017enej revue Marek Vadas.<\/p>\n<p>Pavel Sibyla ja tak \u010fal\u0161\u00edm \u0161\u00e9fom n\u00e1rodnej kult\u00farnej in\u0161tit\u00facie, ktor\u00e9ho s\u00fa\u010dasn\u00e1 ministerka kult\u00fary <a href=\"https:\/\/sk.wikipedia.org\/wiki\/Martina_\u0160imkovi\u010dov\u00e1\" rel=\"noopener\" target=\"_blank\">Martina \u0160imkovi\u010dov\u00e1<\/a> odvolala bez bli\u017e\u0161ieho vysvetlenia a&nbsp;uvedenia presved\u010div\u00e9ho d\u00f4vodu.<\/p>\n<p>Za zastupuj\u00faceho \u0161tatut\u00e1ra Slovensk\u00e9ho liter\u00e1rneho centra si \u0161\u00e9fka rezortu kult\u00fary vybrala <a href=\"https:\/\/cs.wikipedia.org\/wiki\/Gust%C3%A1v_Mur%C3%ADn\" rel=\"noopener\" target=\"_blank\">Gust\u00e1va Mur\u00edna<\/a>, ktor\u00fd je&nbsp;zn\u00e1my svojimi knihami o&nbsp;slovenskej mafii v&nbsp;90.&nbsp;rokoch minul\u00e9ho storo\u010dia.<\/p>\n<p style=\"text-align: right;\"><small>&mdash;&nbsp;<a href=\"https:\/\/www.litcentrum.sk\/\" target=\"_blank\" rel=\"noopener\">Slovensk\u00e9 liter\u00e1rne centrum <\/a><\/small><\/p>\n<div class=\"gca-utility clearfix\"><\/div>\n<div class=\"gca-utility vertical-spacer\"><\/div>\n<p><center><span class=\"fullscreen\"><a href=\"\/\/www.martinus.sk\/?z=WLGC7F&#038;utm_source=z%3DWLGC7F&#038;utm_medium=banner1_468x60&#038;utm_campaign=partner\"><img decoding=\"async\" src=\"\/\/www.martinus.sk\/images\/banners\/468x60.jpg\" alt=\"www.martinus.sk\" \/><\/a><\/span><\/center><\/p>\n","protected":false},"excerpt":{"rendered":"<p>Ministerka kult\u00fary Ministerka \u0160imkovi\u010dov\u00e1 odvolala riadite\u013ea Slovensk\u00e9ho liter\u00e1rneho centra Pavla Sibylu. Centrum uviedlo, \u017ee&nbsp;list od&nbsp;ministerky mu pri\u0161li odovzda\u0165 zamestnanci rezortu kult\u00fary. Publicista a&nbsp;autor viacer\u00fdch kn\u00edh viedol centrum od&nbsp;novembra 2021, ke\u010f uspel vo&nbsp;v\u00fdberovom konan\u00ed. <a href=\"https:\/\/literarnenoviny.sk\/servis\/ministerka-kultury-odvolala-riaditela-slovenskeho-literarneho-centra-pavla-sibylu\/\" class=\"more-link\">Cel\u00e1 spr\u00e1va <span class=\"meta-nav\">&rarr;<\/span><\/a><\/p>\n","protected":false},"author":1,"featured_media":0,"comment_status":"closed","ping_status":"closed","sticky":false,"template":"","format":"standard","meta":{"_links_to":"","_links_to_target":""},"categories":[1],"tags":[],"_links":{"self":[{"href":"https:\/\/literarnenoviny.sk\/servis\/wp-json\/wp\/v2\/posts\/24429"}],"collection":[{"href":"https:\/\/literarnenoviny.sk\/servis\/wp-json\/wp\/v2\/posts"}],"about":[{"href":"https:\/\/literarnenoviny.sk\/servis\/wp-json\/wp\/v2\/types\/post"}],"author":[{"embeddable":true,"href":"https:\/\/literarnenoviny.sk\/servis\/wp-json\/wp\/v2\/users\/1"}],"replies":[{"embeddable":true,"href":"https:\/\/literarnenoviny.sk\/servis\/wp-json\/wp\/v2\/comments?post=24429"}],"version-history":[{"count":3,"href":"https:\/\/literarnenoviny.sk\/servis\/wp-json\/wp\/v2\/posts\/24429\/revisions"}],"predecessor-version":[{"id":24586,"href":"https:\/\/literarnenoviny.sk\/servis\/wp-json\/wp\/v2\/posts\/24429\/revisions\/24586"}],"wp:attachment":[{"href":"https:\/\/literarnenoviny.sk\/servis\/wp-json\/wp\/v2\/media?parent=24429"}],"wp:term":[{"taxonomy":"category","embeddable":true,"href":"https:\/\/literarnenoviny.sk\/servis\/wp-json\/wp\/v2\/categories?post=24429"},{"taxonomy":"post_tag","embeddable":true,"href":"https:\/\/literarnenoviny.sk\/servis\/wp-json\/wp\/v2\/tags?post=24429"}],"curies":[{"name":"wp","href":"https:\/\/api.w.org\/{rel}","templated":true}]}}