{"id":24251,"date":"2024-09-20T09:40:28","date_gmt":"2024-09-20T07:40:28","guid":{"rendered":"https:\/\/literarnenoviny.sk\/servis\/?p=24251"},"modified":"2024-09-20T13:00:59","modified_gmt":"2024-09-20T11:00:59","slug":"za-rozhodnutia-vlady-odporujuce-zdravemu-rozumu-moze-udajne-progresivne-slovensko","status":"publish","type":"post","link":"https:\/\/literarnenoviny.sk\/servis\/za-rozhodnutia-vlady-odporujuce-zdravemu-rozumu-moze-udajne-progresivne-slovensko\/","title":{"rendered":"Za rozhodnutia vl\u00e1dy odporuj\u00face zdrav\u00e9mu rozumu m\u00f4\u017ee \u00fadajne opozi\u010dn\u00e9 hnutie"},"content":{"rendered":"<p>Zodpovednos\u0165 za&nbsp;to, <em><strong>\u017ee \u0161t\u00e1t prij\u00edma rozhodnutia, ktor\u00e9 nie s\u00fa v&nbsp;s\u00falade s&nbsp;transparentnos\u0165ou, hospod\u00e1rnos\u0165ou a&nbsp;zdrav\u00fdm rozumom<\/strong><\/em>, nes\u00fa pod\u013ea <a href=\"https:\/\/institutsd.sk\/\" rel=\"noopener\" target=\"_blank\">In\u0161tit\u00fatu soci\u00e1lnej demokracie<\/a> \u013eudia z&nbsp;Rady pre&nbsp;rozpo\u010dtov\u00fa zodpovednos\u0165 a&nbsp;\u00datvaru hodnoty za&nbsp;peniaze prepojen\u00ed na&nbsp;opozi\u010dn\u00e9 hnutie <a href=\"https:\/\/progresivne.sk\/\" rel=\"noopener\" target=\"_blank\">Progres\u00edvne Slovensko<\/a>. <\/p>\n<p>V tla\u010dovej spr\u00e1ve <em>\u201eKauza DPH na&nbsp;knihy je&nbsp;kauza Progres\u00edvneho Slovenska\u201c<\/em> tak in\u0161tit\u00fat de&nbsp;facto obvinil s\u00fa\u010dasn\u00fa vl\u00e1du z&nbsp;nekompetentnosti.<\/p>\n<p><center><div class=\"gca-utility vertical-spacer\"><\/div><iframe loading=\"lazy\" src=\"https:\/\/www.facebook.com\/plugins\/post.php?href=https%3A%2F%2Fwww.facebook.com%2Finstitutsocdem%2Fposts%2Fpfbid0boxeDRDeRxx7dq1araAKfc9yyuXcqRN6sRhjqdqLeghhZNTudTszVVkT8ChmqjaGl&#038;width=460&#038;show_text=true&#038;appId=2424319851126972&#038;height=460\" width=\"460\" height=\"460\" style=\"border:none;overflow:hidden\" scrolling=\"no\" frameborder=\"0\" allowfullscreen=\"true\" allow=\"autoplay; clipboard-write; encrypted-media; picture-in-picture; web-share\"><\/iframe><div class=\"gca-utility vertical-spacer\"><\/div><\/center><\/p>\n<p>\u010clenom dozornej rady tejto <em><a href=\"https:\/\/e.dennikn.sk\/4146656\/ekonomicky-newsfilter-po-falosnych-diskuteroch-verejnu-mienku-masiruje-aj-nezavisla-mimovladka-hlasu\/\" rel=\"noopener\" target=\"_blank\">mimovl\u00e1dnej neziskovej organiz\u00e1cie<\/a><\/em> je&nbsp;aj teraj\u0161\u00ed minister vn\u00fatra <a href=\"https:\/\/institutsd.sk\/matus-sutaj-estok\/\" rel=\"noopener\" target=\"_blank\">Mat\u00fa\u0161 \u0160utaj E\u0161tok<\/a>, ktor\u00fd je&nbsp;z\u00e1rove\u0148 predsedom koali\u010dnej strany Hlas &#8211; soci\u00e1lna demokracia.<\/p>\n<p><em>\u201eKauza zvy\u0161ovania DPH na&nbsp;knihy je&nbsp;predov\u0161etk\u00fdm kauzou Progres\u00edvneho Slovenska. \u0160\u00e9f In\u0161tit\u00fatu finan\u010dnej politiky pod\u013ea n\u00e1\u0161ho n\u00e1zoru vedome zneu\u017eil situ\u00e1ciu. Nie je&nbsp;nikomu divn\u00e9, aby po&nbsp;zverejnen\u00ed n\u00e1vrhu rozpo\u010dtu na&nbsp;rok 2025 okam\u017eite nasledovala cielen\u00e1 medi\u00e1lna kampa\u0148 proti vl\u00e1de, zalo\u017een\u00e1 na&nbsp;anal\u00fdzach IFP z&nbsp;roku 2010 pod veden\u00edm b\u00fdval\u00e9ho \u010dlena a&nbsp;ekonomick\u00e9ho experta Progres\u00edvneho Slovenska v&nbsp;s\u00fa\u010dasnosti \u0161\u00e9fa IFP?\u201c<\/em> uv\u00e1dza v&nbsp;spr\u00e1ve predseda spr\u00e1vnej rady ISD <a href=\"https:\/\/institutsd.sk\/martin-halas\/\" rel=\"noopener\" target=\"_blank\">Martin Hal\u00e1s<\/a>.<\/p>\n<p>Provl\u00e1dna neziskov\u00e1 organiz\u00e1cia sa&nbsp;zaslan\u00edm tejto zm\u00e4to\u010dnej tla\u010dovej spr\u00e1vy m\u00e9di\u00e1m pravdepodobne sna\u017eila ospravedlni\u0165 vl\u00e1dou avizovan\u00e9 <a href=\"https:\/\/literarnenoviny.sk\/servis\/socialnodemokraticka-vlada-povazuje-knihy-za-luxus-zdani-ich-najvyssou-sadzbou\/\" rel=\"noopener\" target=\"_blank\">zv\u00fd\u0161enie dane z&nbsp;pridanej hodnoty na&nbsp;knihy<\/a>, ktor\u00e9 pob\u00farilo slovensk\u00fa verejnos\u0165 a&nbsp;stretlo sa&nbsp;aj s&nbsp;<a href=\"https:\/\/literarnenoviny.sk\/servis\/knihy-mali-by-byt-dostupne-vsetkym-vrstvam-obyvatelstva-odkazuju-vlade-vydavatelia\/\" rel=\"noopener\" target=\"_blank\">odbornou kritikou<\/a>.<\/p>\n<p style=\"text-align: right;\"><small>&mdash;&nbsp;<a href=\"https:\/\/institutsd.sk\/\" target=\"_blank\" rel=\"noopener\">In\u0161tit\u00fat soci\u00e1lnej demokracie <\/a><\/small><\/p>\n<div class=\"gca-utility clearfix\"><\/div>\n<div class=\"gca-utility vertical-spacer\"><\/div>\n<p><center><span class=\"fullscreen\"><a href=\"\/\/www.martinus.sk\/?z=WLGC7F&#038;utm_source=z%3DWLGC7F&#038;utm_medium=banner1_468x60&#038;utm_campaign=partner\"><img decoding=\"async\" src=\"\/\/www.martinus.sk\/images\/banners\/468x60_red.jpg\" alt=\"www.martinus.sk\" \/><\/a><\/span><\/center><\/p>\n","protected":false},"excerpt":{"rendered":"<p>Zodpovednos\u0165 za&nbsp;to, \u017ee&nbsp;\u0161t\u00e1t prij\u00edma rozhodnutia, ktor\u00e9 nie s\u00fa v&nbsp;s\u00falade s&nbsp;transparentnos\u0165ou, hospod\u00e1rnos\u0165ou a&nbsp;zdrav\u00fdm rozumom, nes\u00fa pod\u013ea In\u0161tit\u00fatu soci\u00e1lnej demokracie \u013eudia z&nbsp;Rady pre&nbsp;rozpo\u010dtov\u00fa zodpovednos\u0165 a&nbsp;\u00datvaru hodnoty za&nbsp;peniaze prepojen\u00ed na&nbsp;opozi\u010dn\u00e9 hnutie Progres\u00edvne Slovensko. <a href=\"https:\/\/literarnenoviny.sk\/servis\/za-rozhodnutia-vlady-odporujuce-zdravemu-rozumu-moze-udajne-progresivne-slovensko\/\" class=\"more-link\">Cel\u00e1 spr\u00e1va <span class=\"meta-nav\">&rarr;<\/span><\/a><\/p>\n","protected":false},"author":2,"featured_media":0,"comment_status":"closed","ping_status":"closed","sticky":false,"template":"","format":"standard","meta":{"_links_to":"","_links_to_target":""},"categories":[1],"tags":[14,76,8],"_links":{"self":[{"href":"https:\/\/literarnenoviny.sk\/servis\/wp-json\/wp\/v2\/posts\/24251"}],"collection":[{"href":"https:\/\/literarnenoviny.sk\/servis\/wp-json\/wp\/v2\/posts"}],"about":[{"href":"https:\/\/literarnenoviny.sk\/servis\/wp-json\/wp\/v2\/types\/post"}],"author":[{"embeddable":true,"href":"https:\/\/literarnenoviny.sk\/servis\/wp-json\/wp\/v2\/users\/2"}],"replies":[{"embeddable":true,"href":"https:\/\/literarnenoviny.sk\/servis\/wp-json\/wp\/v2\/comments?post=24251"}],"version-history":[{"count":0,"href":"https:\/\/literarnenoviny.sk\/servis\/wp-json\/wp\/v2\/posts\/24251\/revisions"}],"wp:attachment":[{"href":"https:\/\/literarnenoviny.sk\/servis\/wp-json\/wp\/v2\/media?parent=24251"}],"wp:term":[{"taxonomy":"category","embeddable":true,"href":"https:\/\/literarnenoviny.sk\/servis\/wp-json\/wp\/v2\/categories?post=24251"},{"taxonomy":"post_tag","embeddable":true,"href":"https:\/\/literarnenoviny.sk\/servis\/wp-json\/wp\/v2\/tags?post=24251"}],"curies":[{"name":"wp","href":"https:\/\/api.w.org\/{rel}","templated":true}]}}