{"id":24234,"date":"2024-09-18T14:50:19","date_gmt":"2024-09-18T12:50:19","guid":{"rendered":"https:\/\/literarnenoviny.sk\/servis\/?p=24234"},"modified":"2024-09-18T16:14:44","modified_gmt":"2024-09-18T14:14:44","slug":"slovensky-prezident-peter-pellegrini-sa-najnovsie-prezentuje-ako-naruzivy-citatel","status":"publish","type":"post","link":"https:\/\/literarnenoviny.sk\/servis\/slovensky-prezident-peter-pellegrini-sa-najnovsie-prezentuje-ako-naruzivy-citatel\/","title":{"rendered":"Slovensk\u00fd prezident Peter Pellegrini sa&nbsp;najnov\u0161ie prezentuje ako n\u00e1ru\u017eiv\u00fd \u010ditate\u013e"},"content":{"rendered":"<p><strong>Slovensk\u00fd prezident <a href=\"https:\/\/sk.wikipedia.org\/wiki\/Peter_Pellegrini\" rel=\"noopener\" target=\"_blank\">Peter Pellegrini<\/a> sa&nbsp;na&nbsp;soci\u00e1lnej sieti najnov\u0161ie prezentuje ako n\u00e1ru\u017eiv\u00fd \u010ditate\u013e<\/strong>. Pod <a href=\"https:\/\/www.facebook.com\/photo.php?fbid=1047657036715690\" rel=\"noopener\" target=\"_blank\">exteri\u00e9rovou fotografiou<\/a>, na&nbsp;ktorej oble\u010den\u00fd v&nbsp;\u0161t\u00fdlovom outdoorovom oble\u010den\u00ed na&nbsp;pozad\u00ed lesn\u00e9ho porastu postoja\u010dky \u010d\u00edta knihu sa&nbsp;hlava \u0161t\u00e1tu zam\u00fd\u0161\u013ea nad nenahradite\u013en\u00fdm pocitom z&nbsp;v\u00f4ne knihy a&nbsp;pote\u0161en\u00edm z&nbsp;jej obsahu.<\/p>\n<p>Vo svojom facebookovom poste tie\u017e opatrne poznamen\u00e1va, aby sme z&nbsp;kn\u00edh nerobili symbol bohat\u00fdch \u013eud\u00ed.<\/p>\n<p><center><div class=\"gca-utility vertical-spacer\"><\/div><iframe loading=\"lazy\" src=\"https:\/\/www.facebook.com\/plugins\/post.php?href=https%3A%2F%2Fwww.facebook.com%2Fpellegrini.peter%2Fposts%2Fpfbid02RgxERv4TewwT8WLoZrAkfiWwTANWrjCPw6toCycEZNBbj3jbHY4dqK9MJ4DP2uCGl&#038;width=460&#038;show_text=true&#038;appId=2424319851126972&#038;height=558\" width=\"460\" height=\"558\" style=\"border:none;overflow:hidden\" scrolling=\"no\" frameborder=\"0\" allowfullscreen=\"true\" allow=\"autoplay; clipboard-write; encrypted-media; picture-in-picture; web-share\"><\/iframe><div class=\"gca-utility vertical-spacer\"><\/div><\/center><\/p>\n<p><em>\u017dijeme digit\u00e1lnu dobu so&nbsp;v\u0161etk\u00fdmi jej vymo\u017eenos\u0165ami, vr\u00e1tane neuverite\u013en\u00e9ho mno\u017estva dostupn\u00fdch inform\u00e1ci\u00ed. Ale ni\u010d z&nbsp;toho nenahrad\u00ed pocit, ke\u010f m\u00f4\u017ee \u010dlovek siahnu\u0165 do&nbsp;kni\u017enice, vytiahnu\u0165 z&nbsp;nej kni\u017eku, nad\u00fdchnu\u0165 sa&nbsp;jej v\u00f4ne a&nbsp;pote\u0161i\u0165 sa&nbsp;z&nbsp;jej obsahu alebo sa&nbsp;dozvedie\u0165 nie\u010do nov\u00e9. <\/em><\/p>\n<p><em>Knihy v\u017edy boli symbolom vzdelania, ktor\u00e9 m\u00e1 a&nbsp;mus\u00ed by\u0165 dostupn\u00e9 v\u0161etk\u00fdm, preto\u017ee len vzdelan\u00fd n\u00e1rod sa&nbsp;m\u00f4\u017ee pos\u00fava\u0165 vpred. Nerobme z&nbsp;nich symbol bohat\u00fdch \u013eud\u00ed. O&nbsp;\u00faspechu \u010dloveka by mal rozhodova\u0165 jeho talent a&nbsp;schopnos\u0165 tvrdo na&nbsp;sebe pracova\u0165 &#8211; a&nbsp;nie to, \u010di&nbsp;sa&nbsp;narodil do&nbsp;bohatej alebo chudobnej rodiny. <\/em><\/p>\n<p><em>\u0160t\u00e1t so&nbsp;siln\u00fdm soci\u00e1lnym c\u00edten\u00edm by mal vytv\u00e1ra\u0165 podmienky, aby vzdelanie aj v&nbsp;podobe kn\u00edh bolo v\u0161etk\u00fdm \u010do&nbsp;najdostupnej\u0161ie a&nbsp;aby mal v\u010faka nemu v&nbsp;\u017eivote ka\u017ed\u00fd rovnak\u00fa \u0161tartovaciu \u010diaru. Rozumiem, \u017ee&nbsp;Slovensko stoj\u00ed pred nevyhnutn\u00fdm krokom, kedy mus\u00ed zaplati\u0165 za&nbsp;chyby vl\u00e1d z&nbsp;minulosti. Len si mus\u00edme da\u0165 pozor, aby sme si touto platbou neni\u010dili aj vlastn\u00fa bud\u00facnos\u0165.<\/em><\/p>\n<p style=\"text-align: right;\"><small>&mdash;&nbsp;<a href=\"https:\/\/www.facebook.com\/pellegrini.peter\" target=\"_blank\" rel=\"noopener\">Facebook Petra Pellegriniho<\/a><\/small><\/p>\n<div class=\"gca-utility clearfix\"><\/div>\n<div class=\"gca-utility vertical-spacer\"><\/div>\n<p><center><span class=\"fullscreen\"><a href=\"\/\/www.martinus.sk\/?z=WLGC7F&#038;utm_source=z%3DWLGC7F&#038;utm_medium=banner1_468x60&#038;utm_campaign=partner\"><img decoding=\"async\" src=\"\/\/www.martinus.sk\/images\/banners\/468x60.jpg\" alt=\"www.martinus.sk\" \/><\/a><\/span><\/center><\/p>\n","protected":false},"excerpt":{"rendered":"<p>Slovensk\u00fd prezident Peter Pellegrini sa&nbsp;na&nbsp;soci\u00e1lnej sieti najnov\u0161ie prezentuje ako n\u00e1ru\u017eiv\u00fd \u010ditate\u013e. Pod exteri\u00e9rovou fotografiou, na&nbsp;ktorej oble\u010den\u00fd v&nbsp;\u0161t\u00fdlovom outdoorovom oble\u010den\u00ed na&nbsp;pozad\u00ed lesn\u00e9ho porastu postoja\u010dky \u010d\u00edta knihu sa&nbsp;hlava \u0161t\u00e1tu zam\u00fd\u0161\u013ea nad nenahradite\u013en\u00fdm pocitom z&nbsp;v\u00f4ne knihy a&nbsp;pote\u0161en\u00edm z&nbsp;jej obsahu. <a href=\"https:\/\/literarnenoviny.sk\/servis\/slovensky-prezident-peter-pellegrini-sa-najnovsie-prezentuje-ako-naruzivy-citatel\/\" class=\"more-link\">Cel\u00e1 spr\u00e1va <span class=\"meta-nav\">&rarr;<\/span><\/a><\/p>\n","protected":false},"author":2,"featured_media":0,"comment_status":"closed","ping_status":"closed","sticky":false,"template":"","format":"standard","meta":{"_links_to":"","_links_to_target":""},"categories":[1],"tags":[41,14,76,265],"_links":{"self":[{"href":"https:\/\/literarnenoviny.sk\/servis\/wp-json\/wp\/v2\/posts\/24234"}],"collection":[{"href":"https:\/\/literarnenoviny.sk\/servis\/wp-json\/wp\/v2\/posts"}],"about":[{"href":"https:\/\/literarnenoviny.sk\/servis\/wp-json\/wp\/v2\/types\/post"}],"author":[{"embeddable":true,"href":"https:\/\/literarnenoviny.sk\/servis\/wp-json\/wp\/v2\/users\/2"}],"replies":[{"embeddable":true,"href":"https:\/\/literarnenoviny.sk\/servis\/wp-json\/wp\/v2\/comments?post=24234"}],"version-history":[{"count":0,"href":"https:\/\/literarnenoviny.sk\/servis\/wp-json\/wp\/v2\/posts\/24234\/revisions"}],"wp:attachment":[{"href":"https:\/\/literarnenoviny.sk\/servis\/wp-json\/wp\/v2\/media?parent=24234"}],"wp:term":[{"taxonomy":"category","embeddable":true,"href":"https:\/\/literarnenoviny.sk\/servis\/wp-json\/wp\/v2\/categories?post=24234"},{"taxonomy":"post_tag","embeddable":true,"href":"https:\/\/literarnenoviny.sk\/servis\/wp-json\/wp\/v2\/tags?post=24234"}],"curies":[{"name":"wp","href":"https:\/\/api.w.org\/{rel}","templated":true}]}}