{"id":24227,"date":"2024-09-17T15:40:19","date_gmt":"2024-09-17T13:40:19","guid":{"rendered":"https:\/\/literarnenoviny.sk\/servis\/?p=24227"},"modified":"2024-09-17T18:29:35","modified_gmt":"2024-09-17T16:29:35","slug":"socialnodemokraticka-vlada-povazuje-knihy-za-luxus-zdani-ich-najvyssou-sadzbou","status":"publish","type":"post","link":"https:\/\/literarnenoviny.sk\/servis\/socialnodemokraticka-vlada-povazuje-knihy-za-luxus-zdani-ich-najvyssou-sadzbou\/","title":{"rendered":"Soci\u00e1lnodemokratick\u00e1 vl\u00e1da pova\u017euje knihy za&nbsp;luxus, zdan\u00ed ich najvy\u0161\u0161ou sadzbou"},"content":{"rendered":"<p><strong>Knihy bud\u00fa po&nbsp;novom spada\u0165 pod najvy\u0161\u0161iu 23 percentn\u00fa da\u0148 z&nbsp;pridanej hodnoty<\/strong>, na&nbsp;tla\u010dovej konferencii to ohl\u00e1sil soci\u00e1lnodemokratick\u00fd minister financi\u00ed <a href=\"https:\/\/sk.wikipedia.org\/wiki\/Ladislav_Kamenick\u00fd\" rel=\"noopener\" target=\"_blank\">Ladislav Kamenick\u00fd<\/a>. V&nbsp;s\u00fa\u010dasnosti sa&nbsp;na&nbsp;ne zv\u00e4\u010d\u0161a vz\u0165ahuje sadzba desa\u0165 percent. Konsolid\u00e1ciou verejn\u00fdch financi\u00ed chce vl\u00e1da <em>\u201en\u00e1js\u0165\u201c<\/em> k&nbsp;2,6 a\u017e 2,7 miliardy eur.<\/p>\n<p><em>\u201eKnihy s\u00fa dom\u00e9nou v\u00e4\u010d\u0161inou bohat\u0161\u00edch vrstiev obyvate\u013estva,\u201c<\/em> vyjadril sa&nbsp;slovensk\u00fd minister financi\u00ed.<\/p>\n<p><center><div class=\"gca-utility vertical-spacer\"><\/div><iframe loading=\"lazy\" src=\"https:\/\/www.facebook.com\/plugins\/post.php?href=https%3A%2F%2Fwww.facebook.com%2Fprojektn.sk%2Fposts%2Fpfbid02BUJnsa4FYD97RBbpBz6FafKTiLZx3tfB3QFP4hgnKZ8dTaZRSCBxj1yh31nXQamKl&#038;width=400&#038;show_text=true&#038;appId=2424319851126972&#038;height=590\" width=\"400\" height=\"590\" style=\"border:none;overflow:hidden\" scrolling=\"no\" frameborder=\"0\" allowfullscreen=\"true\" allow=\"autoplay; clipboard-write; encrypted-media; picture-in-picture; web-share\"><\/iframe><div class=\"gca-utility vertical-spacer\"><\/div><\/center><\/p>\n<p>Svoj v\u00fdrok Kamenick\u00fd opieral o&nbsp;anal\u00fdzu In\u0161tit\u00fatu finan\u010dnej politiky, ktor\u00fd patr\u00ed pod jeho ministerstvo. <em>\u201eProste je&nbsp;anal\u00fdza, robilo to IFT, \u017ee&nbsp;knihy, bohu\u017eia\u013e, je&nbsp;to tak, ale kupuj\u00fa si ich v\u00e4\u010d\u0161inou bohat\u0161\u00ed \u013eudia na&nbsp;Slovensku,\u201c<\/em> upresnil minister.<\/p>\n<p>V susednej \u010ceskej republike pritom vl\u00e1da minul\u00fd rok zn\u00ed\u017eila p\u00f4vodne 10 percentn\u00fa DPH na&nbsp;nulu. \u010cesk\u00ed online kn\u00edhkupci preto pravdepodobne tento \u201eslovensk\u00fd soci\u00e1lny experiment\u201c uv\u00edtaj\u00fa.<\/p>\n<p>Vl\u00e1da chce na&nbsp;vy\u0161\u0161ej DPH z\u00edska\u0165 pribli\u017ene miliardu eur ro\u010dne, sadzba na&nbsp;niektor\u00e9 potraviny a&nbsp;lieky v\u0161ak m\u00e1 pod\u013ea nej klesn\u00fa\u0165 z&nbsp;desa\u0165 na&nbsp;p\u00e4\u0165 percent a&nbsp;ostatn\u00e9 potraviny sa&nbsp;maj\u00fa zda\u0148ova\u0165 sadzbou 19&nbsp;percent.<\/p>\n<p><em>\u201eKonsolidujeme preto, aby sme zlep\u0161ili soci\u00e1lny \u0161tandard \u013eud\u00ed, zastavili zadl\u017eovanie Slovenska, zlep\u0161ili ratingy Slovenskej republiky a&nbsp;z\u00edskali v\u00fdhodnej\u0161ie podmienky na&nbsp;finan\u010dn\u00fdch trhoch,<\/em>\u201c podotkol minister Kamenick\u00fd po\u010das prezent\u00e1cie vl\u00e1dneho pl\u00e1nu konsolid\u00e1cie.<\/p>\n<p style=\"text-align: right;\"><small>&mdash;&nbsp;<a href=\"https:\/\/www.vlada.gov.sk\/\" target=\"_blank\" rel=\"noopener\">\u00darad vl\u00e1dy SR<\/a><\/small><\/p>\n<div class=\"gca-utility clearfix\"><\/div>\n<div class=\"gca-utility vertical-spacer\"><\/div>\n<p><center><span class=\"fullscreen\"><a href=\"\/\/www.martinus.sk\/?z=WLGC7F&#038;utm_source=z%3DWLGC7F&#038;utm_medium=banner1_468x60&#038;utm_campaign=partner\"><img decoding=\"async\" src=\"\/\/www.martinus.sk\/images\/banners\/468x60_red.jpg\" alt=\"www.martinus.sk\" \/><\/a><\/span><\/center><\/p>\n","protected":false},"excerpt":{"rendered":"<p>Knihy bud\u00fa po&nbsp;novom spada\u0165 pod najvy\u0161\u0161iu 23 percentn\u00fa da\u0148 z&nbsp;pridanej hodnoty, na&nbsp;tla\u010dovej konferencii to ohl\u00e1sil soci\u00e1lnodemokratick\u00fd minister financi\u00ed Ladislav Kamenick\u00fd. V&nbsp;s\u00fa\u010dasnosti sa&nbsp;na&nbsp;ne zv\u00e4\u010d\u0161a vz\u0165ahuje sadzba desa\u0165 percent. Konsolid\u00e1ciou verejn\u00fdch financi\u00ed chce vl\u00e1da \u201en\u00e1js\u0165\u201c k&nbsp;2,6 a\u017e 2,7 miliardy eur. \u201eKnihy s\u00fa&hellip; <a href=\"https:\/\/literarnenoviny.sk\/servis\/socialnodemokraticka-vlada-povazuje-knihy-za-luxus-zdani-ich-najvyssou-sadzbou\/\" class=\"more-link\">Cel\u00e1 spr\u00e1va <span class=\"meta-nav\">&rarr;<\/span><\/a><\/p>\n","protected":false},"author":2,"featured_media":0,"comment_status":"closed","ping_status":"closed","sticky":false,"template":"","format":"standard","meta":{"_links_to":"","_links_to_target":""},"categories":[1],"tags":[14,12,76,8],"_links":{"self":[{"href":"https:\/\/literarnenoviny.sk\/servis\/wp-json\/wp\/v2\/posts\/24227"}],"collection":[{"href":"https:\/\/literarnenoviny.sk\/servis\/wp-json\/wp\/v2\/posts"}],"about":[{"href":"https:\/\/literarnenoviny.sk\/servis\/wp-json\/wp\/v2\/types\/post"}],"author":[{"embeddable":true,"href":"https:\/\/literarnenoviny.sk\/servis\/wp-json\/wp\/v2\/users\/2"}],"replies":[{"embeddable":true,"href":"https:\/\/literarnenoviny.sk\/servis\/wp-json\/wp\/v2\/comments?post=24227"}],"version-history":[{"count":0,"href":"https:\/\/literarnenoviny.sk\/servis\/wp-json\/wp\/v2\/posts\/24227\/revisions"}],"wp:attachment":[{"href":"https:\/\/literarnenoviny.sk\/servis\/wp-json\/wp\/v2\/media?parent=24227"}],"wp:term":[{"taxonomy":"category","embeddable":true,"href":"https:\/\/literarnenoviny.sk\/servis\/wp-json\/wp\/v2\/categories?post=24227"},{"taxonomy":"post_tag","embeddable":true,"href":"https:\/\/literarnenoviny.sk\/servis\/wp-json\/wp\/v2\/tags?post=24227"}],"curies":[{"name":"wp","href":"https:\/\/api.w.org\/{rel}","templated":true}]}}