{"id":24222,"date":"2024-09-13T10:00:24","date_gmt":"2024-09-13T08:00:24","guid":{"rendered":"https:\/\/literarnenoviny.sk\/servis\/?p=24222"},"modified":"2024-09-16T21:56:22","modified_gmt":"2024-09-16T19:56:22","slug":"vo-veku-88-rokov-zomrel-slovensky-etnolog-filolog-a-ukrajinista-mikulas-musinka","status":"publish","type":"post","link":"https:\/\/literarnenoviny.sk\/servis\/vo-veku-88-rokov-zomrel-slovensky-etnolog-filolog-a-ukrajinista-mikulas-musinka\/","title":{"rendered":"Vo veku 88 rokov zomrel slovensk\u00fd etnol\u00f3g, filol\u00f3g a&nbsp;ukrajinista Mikul\u00e1\u0161 Mu\u0161inka"},"content":{"rendered":"<p><strong>Vo veku 88 rokov zomrel kult\u00farny historik, etnol\u00f3g, filol\u00f3g a&nbsp;ukrajinista <a href=\"https:\/\/sk.wikipedia.org\/wiki\/Mikul\u00e1\u0161_Mu\u0161inka\" rel=\"noopener\" target=\"_blank\">Mikul\u00e1\u0161 Mu\u0161inka<\/a><\/strong>, doktor filologick\u00fdch vied Ukrajinskej akad\u00e9mie vied, ktor\u00fd svojou vedeckou pr\u00e1cou v\u00fdznamne prispel k&nbsp;poznaniu a&nbsp;zachovaniu kult\u00farneho dedi\u010dstva Rus\u00ednov a&nbsp;Ukrajincov na&nbsp;Slovensku. <\/p>\n<p>O \u00famrt\u00ed popredn\u00e9ho akademika informoval In\u0161tit\u00fat ukrajinistiky <a href=\"https:\/\/www.unipo.sk\/filozoficka-fakulta\" rel=\"noopener\" target=\"_blank\">Filozofickej fakulty Pre\u0161ovskej univerzity<\/a> na&nbsp;soci\u00e1lnej sieti na&nbsp;ktorej zosnul\u00fd dlh\u00e9 roky p\u00f4sobil.<\/p>\n<p><center><div class=\"gca-utility vertical-spacer\"><\/div><iframe loading=\"lazy\" src=\"https:\/\/www.facebook.com\/plugins\/post.php?href=https%3A%2F%2Fwww.facebook.com%2Fff.pu.presov%2Fposts%2Fpfbid0dLXX4NUGJa11P4HNRH5CxPo95CoccFxAqDAHeUUAvoEm5a6xY44FdxBEgkzCMQTWl&#038;width=460&#038;show_text=true&#038;appId=2424319851126972&#038;height=511\" width=\"460\" height=\"511\" style=\"border:none;overflow:hidden\" scrolling=\"no\" frameborder=\"0\" allowfullscreen=\"true\" allow=\"autoplay; clipboard-write; encrypted-media; picture-in-picture; web-share\"><\/iframe><div class=\"gca-utility vertical-spacer\"><\/div><\/center><\/p>\n<p>Mykola Mu\u0161inka sa&nbsp;narodil 20.&nbsp;febru\u00e1ra 1936 v&nbsp;obci Kurov v&nbsp;okrese Bardejov. \u0160tudoval v&nbsp;Bardejove, Pre\u0161ove, na&nbsp;pra\u017eskej Karlovej univerzite a&nbsp;v&nbsp;Kyjeve. Na&nbsp;Filozofickej fakulte Univerzity Pavla Jozefa \u0160af\u00e1rika v&nbsp;Pre\u0161ove <em>(dnes Filozofick\u00e1 fakulta Pre\u0161ovskej univerzity)<\/em> p\u00f4sobil od&nbsp;roku 1960, kde sa&nbsp;venoval najm\u00e4 folkl\u00f3ru a&nbsp;kult\u00farnym prejavom rus\u00ednko-ukrajinsk\u00e9ho obyvate\u013estva. <\/p>\n<p>Po\u010das normaliz\u00e1cie musel v&nbsp;roku 1972 univerzitu opusti\u0165 a&nbsp;vtedaj\u0161ia totalitn\u00e1 moc mu zak\u00e1zala ak\u00fako\u013evek vedeck\u00fa a&nbsp;publika\u010dn\u00fa \u010dinnos\u0165. Zamestnal sa&nbsp;ako pastier hov\u00e4dzieho dobytka na&nbsp;Jednotnom ro\u013en\u00edckom dru\u017estve v&nbsp;Kurove, odkia\u013e poch\u00e1dzal. Na\u010falej v\u0161ak publikoval v&nbsp;z\u00e1padnej Eur\u00f3pe, Spojen\u00fdch \u0161t\u00e1toch a&nbsp;Kanade. Vy\u0161lo mu tam p\u00e4\u0165 kn\u00edh a&nbsp;viac ako 150 vedeck\u00fdch \u0161t\u00fadi\u00ed, \u010dl\u00e1nkov a&nbsp;recenzi\u00ed.<\/p>\n<p><em>\u201ePo roku 1990 sa&nbsp;vr\u00e1til do&nbsp;akademickej sf\u00e9ry, kde sa&nbsp;stal uzn\u00e1van\u00fdm profesorom a&nbsp;nesk\u00f4r ved\u00facim vedeckov\u00fdskumn\u00e9ho oddelenia. V&nbsp;roku 1992 z\u00edskal ako prv\u00fd zahrani\u010dn\u00fd ob\u010dan vedeck\u00fa hodnos\u0165 doktora filologick\u00fdch vied od&nbsp;Ukrajinskej akad\u00e9mie vied,\u201c<\/em> uv\u00e1dza Pre\u0161ovsk\u00e1 univerzita.<\/p>\n<p>Po\u010das svojho \u017eivota z\u00edskal profesor Mu\u0161inka viacer\u00e9 ocenenia, vr\u00e1tane Ceny Fondu Tarasa \u0160ev\u010denka za&nbsp;pr\u00ednos do&nbsp;svetovej ukrajinistiky a&nbsp;Ceny Ivana Franka, ktor\u00fa mu udelila Viedensk\u00e1 univerzita\u200b.<\/p>\n<p style=\"text-align: right;\"><small>&mdash;&nbsp;<a href=\"https:\/\/www.unipo.sk\/aktuality\/48075\/\" target=\"_blank\" rel=\"noopener\">Pre\u0161ovsk\u00e1 univerzita<\/a><\/small><\/p>\n<div class=\"gca-utility clearfix\"><\/div>\n<div class=\"gca-utility vertical-spacer\"><\/div>\n<p><center><span class=\"fullscreen\"><a href=\"\/\/www.martinus.sk\/?z=WLGC7F&#038;utm_source=z%3DWLGC7F&#038;utm_medium=banner1_468x60&#038;utm_campaign=partner\"><img decoding=\"async\" src=\"\/\/www.martinus.sk\/images\/banners\/468x60_red.jpg\" alt=\"www.martinus.sk\" \/><\/a><\/span><\/center><\/p>\n","protected":false},"excerpt":{"rendered":"<p>Vo veku 88 rokov zomrel kult\u00farny historik, etnol\u00f3g, filol\u00f3g a&nbsp;ukrajinista Mikul\u00e1\u0161 Mu\u0161inka, doktor filologick\u00fdch vied Ukrajinskej akad\u00e9mie vied, ktor\u00fd svojou vedeckou pr\u00e1cou v\u00fdznamne prispel k&nbsp;poznaniu a&nbsp;zachovaniu kult\u00farneho dedi\u010dstva Rus\u00ednov a&nbsp;Ukrajincov na&nbsp;Slovensku.  <a href=\"https:\/\/literarnenoviny.sk\/servis\/vo-veku-88-rokov-zomrel-slovensky-etnolog-filolog-a-ukrajinista-mikulas-musinka\/\" class=\"more-link\">Cel\u00e1 spr\u00e1va <span class=\"meta-nav\">&rarr;<\/span><\/a><\/p>\n","protected":false},"author":2,"featured_media":0,"comment_status":"closed","ping_status":"closed","sticky":false,"template":"","format":"standard","meta":{"_links_to":"","_links_to_target":""},"categories":[1],"tags":[3,136,209],"_links":{"self":[{"href":"https:\/\/literarnenoviny.sk\/servis\/wp-json\/wp\/v2\/posts\/24222"}],"collection":[{"href":"https:\/\/literarnenoviny.sk\/servis\/wp-json\/wp\/v2\/posts"}],"about":[{"href":"https:\/\/literarnenoviny.sk\/servis\/wp-json\/wp\/v2\/types\/post"}],"author":[{"embeddable":true,"href":"https:\/\/literarnenoviny.sk\/servis\/wp-json\/wp\/v2\/users\/2"}],"replies":[{"embeddable":true,"href":"https:\/\/literarnenoviny.sk\/servis\/wp-json\/wp\/v2\/comments?post=24222"}],"version-history":[{"count":0,"href":"https:\/\/literarnenoviny.sk\/servis\/wp-json\/wp\/v2\/posts\/24222\/revisions"}],"wp:attachment":[{"href":"https:\/\/literarnenoviny.sk\/servis\/wp-json\/wp\/v2\/media?parent=24222"}],"wp:term":[{"taxonomy":"category","embeddable":true,"href":"https:\/\/literarnenoviny.sk\/servis\/wp-json\/wp\/v2\/categories?post=24222"},{"taxonomy":"post_tag","embeddable":true,"href":"https:\/\/literarnenoviny.sk\/servis\/wp-json\/wp\/v2\/tags?post=24222"}],"curies":[{"name":"wp","href":"https:\/\/api.w.org\/{rel}","templated":true}]}}