{"id":24165,"date":"2024-08-06T12:20:22","date_gmt":"2024-08-06T10:20:22","guid":{"rendered":"https:\/\/literarnenoviny.sk\/servis\/?p=24165"},"modified":"2024-08-06T13:29:28","modified_gmt":"2024-08-06T11:29:28","slug":"ministerka-kultury-odvolala-z-funkcie-generalneho-riaditela-snd-mateja-drlicku","status":"publish","type":"post","link":"https:\/\/literarnenoviny.sk\/servis\/ministerka-kultury-odvolala-z-funkcie-generalneho-riaditela-snd-mateja-drlicku\/","title":{"rendered":"Ministerka kult\u00fary odvolala z&nbsp;funkcie gener\u00e1lneho riadite\u013ea SND Mateja Drli\u010dku"},"content":{"rendered":"<p><strong>Ministerka kult\u00fary <a href=\"https:\/\/en.wikipedia.org\/wiki\/Martina_\u0160imkovi\u010dov\u00e1\" rel=\"noopener\" target=\"_blank\">Martina \u0160imkovi\u010dov\u00e1<\/a> odvolala z&nbsp;funkcie gener\u00e1lneho riadite\u013ea Slovensk\u00e9ho n\u00e1rodn\u00e9ho divadla <a href=\"https:\/\/sk.wikipedia.org\/wiki\/Matej_Drli\u010dka\" rel=\"noopener\" target=\"_blank\">Mateja Drli\u010dku<\/a><\/strong>, vo&nbsp;svojom online vydan\u00ed o&nbsp;tom informoval denn\u00edk <a href=\"https:\/\/www.sme.sk\/minuta\/23366861\/simkovicova-odvolala-drlicku-z-funkcie-sefa-snd\" rel=\"noopener\" target=\"_blank\">Sme<\/a>. K&nbsp;d\u00f4vodu n\u00e1hleho odvolania vrcholn\u00e9ho kult\u00farneho mana\u017e\u00e9ra sa&nbsp;rezort nateraz nevyjadril.<\/p>\n<p>Odvolanie prich\u00e1dza \u0161tvr\u0165 roka po&nbsp;tom, ako ministerka <a href=\"https:\/\/spravy.rtvs.sk\/2024\/05\/m-simkovicova-si-chce-predvolat-herca-lubosa-kostelneho-tvrdi-ze-ju-pocas-divadelneho-predstavenia-sikanoval\/\" rel=\"noopener\" target=\"_blank\">neuniesla ironick\u00fa pozn\u00e1mku<\/a> vysloven\u00fa na&nbsp;jej adresu v&nbsp;divadelnej hre.<\/p>\n<p><center><div class=\"gca-utility vertical-spacer\"><\/div>\n<blockquote class=\"twitter-tweet\">\n<p lang=\"und\" dir=\"ltr\">Ministerka \u0160imkovi\u010dov\u00e1 pod\u013ea inform\u00e1ci\u00ed SME odvolala z&nbsp;funkcie gener\u00e1lneho riadite\u013ea SND Mateja Drli\u010dku. \u26a0\ufe0f<\/p>\n<p>Drli\u010dka ned\u00e1vno z\u00edskal od&nbsp;franc\u00fazskeho ministerstva kult\u00fary prest\u00ed\u017ene vyznamenanie Rytier R\u00e1du umenia a&nbsp;literat\u00fary.<a href=\"https:\/\/twitter.com\/hashtag\/snd?src=hash&amp;ref_src=twsrc%5Etfw\">#snd<\/a> <a href=\"https:\/\/twitter.com\/hashtag\/simkovicova?src=hash&amp;ref_src=twsrc%5Etfw\">#simkovicova<\/a> <a href=\"https:\/\/twitter.com\/hashtag\/kultura?src=hash&amp;ref_src=twsrc%5Etfw\">#kultura<\/a> <a href=\"https:\/\/twitter.com\/hashtag\/drlicka?src=hash&amp;ref_src=twsrc%5Etfw\">#drlicka<\/a> <a href=\"https:\/\/t.co\/xGKOedabnE\">pic.twitter.com\/xGKOedabnE<\/a><\/p>\n<p>&mdash; Denn\u00edk SME (@denniksme) <a href=\"https:\/\/twitter.com\/denniksme\/status\/1820764997733044589?ref_src=twsrc%5Etfw\">August 6, 2024<\/a><\/p><\/blockquote>\n<p> <script async src=\"https:\/\/platform.twitter.com\/widgets.js\" charset=\"utf-8\"><\/script><div class=\"gca-utility vertical-spacer\"><\/div><\/center><\/p>\n<p><em>\u201eMartina \u0160imkovi\u010dov\u00e1 kope na&nbsp;ka\u017ed\u00fa stranu, pri\u010dom tak\u00fdmto konan\u00edm \u010doskoro paralyzuje cel\u00fd sektor kult\u00fary,\u201c<\/em> uviedol pre&nbsp;m\u00e9di\u00e1 Ren\u00e9 Par\u00e1k z&nbsp;opozi\u010dnej strany <a href=\"https:\/\/www.sas.sk\/\" rel=\"noopener\" target=\"_blank\">Sloboda a&nbsp;Solidarita<\/a> s&nbsp;t\u00fdm, \u017ee&nbsp;<em>\u201ev\u00fdmena na&nbsp;poste gener\u00e1lneho riadite\u013ea SND je&nbsp;\u010fal\u0161\u00edm fat\u00e1lnym pre\u0161\u013eapom, ktor\u00fd bude ma\u0165 \u010falekosiahle n\u00e1sledky, ke\u010f\u017ee jej neschopnos\u0165 a&nbsp;z\u00e1rove\u0148 neschopnos\u0165 v\u0161etk\u00fdch, ktor\u00fdm dohodila \u0161t\u00e1tne posty, u\u017e&nbsp;pozn\u00e1me\u201c<\/em>.<\/p>\n<p>Matej Drli\u010dka <a href=\"https:\/\/literarnenoviny.sk\/servis\/generalny-riaditel-snd-sa-stal-rytierom-francuzskeho-radu-umenia-a-literatury\/\" rel=\"noopener\" target=\"_blank\">z\u00edskal<\/a> minul\u00fd t\u00fd\u017ede\u0148 prest\u00ed\u017ene franc\u00fazske vyznamenanie <a href=\"https:\/\/fr.wikipedia.org\/wiki\/Ordre_des_Arts_et_des_Lettres\" rel=\"noopener\" target=\"_blank\">Rytier R\u00e1du umenia a&nbsp;literat\u00fary<\/a>. Ocenenie mu udelila tamoj\u0161ia ministerka kult\u00fary <a href=\"https:\/\/fr.wikipedia.org\/wiki\/Rachida_Dati\" rel=\"noopener\" target=\"_blank\">Rachida Datiov\u00e1<\/a>. <\/p>\n<p>Cenu si odvolan\u00fd riadite\u013e, ktor\u00fd vedie Slovensk\u00e9 n\u00e1rodn\u00e9 divadlo s&nbsp;polro\u010dnou prest\u00e1vkou od&nbsp;roku 2021, m\u00e1 prevzia\u0165 na&nbsp;jese\u0148.<\/p>\n<p style=\"text-align: right;\"><small>&mdash;&nbsp;<a href=\"https:\/\/www.sme.sk\/minuta\/23366861\/simkovicova-odvolala-drlicku-z-funkcie-sefa-snd\" target=\"_blank\" rel=\"noopener\">Sme<\/a> a&nbsp;<a href=\"https:\/\/www.sas.sk\/\" target=\"_blank\" rel=\"noopener\">Sloboda a&nbsp;Solidarita<\/a><\/small><\/p>\n<div class=\"gca-utility clearfix\"><\/div>\n<div class=\"gca-utility vertical-spacer\"><\/div>\n<p><center><span class=\"fullscreen\"><a href=\"\/\/www.martinus.sk\/?z=WLGC7F&#038;utm_source=z%3DWLGC7F&#038;utm_medium=banner1_468x60&#038;utm_campaign=partner\"><img decoding=\"async\" src=\"\/\/www.martinus.sk\/images\/banners\/468x60.jpg\" alt=\"www.martinus.sk\" \/><\/a><\/span><\/center><\/p>\n","protected":false},"excerpt":{"rendered":"<p>Ministerka kult\u00fary Martina \u0160imkovi\u010dov\u00e1 odvolala z&nbsp;funkcie gener\u00e1lneho riadite\u013ea Slovensk\u00e9ho n\u00e1rodn\u00e9ho divadla Mateja Drli\u010dku, vo&nbsp;svojom online vydan\u00ed o&nbsp;tom informoval denn\u00edk Sme. K&nbsp;d\u00f4vodu n\u00e1hleho odvolania vrcholn\u00e9ho kult\u00farneho mana\u017e\u00e9ra sa&nbsp;rezort nateraz nevyjadril. <a href=\"https:\/\/literarnenoviny.sk\/servis\/ministerka-kultury-odvolala-z-funkcie-generalneho-riaditela-snd-mateja-drlicku\/\" class=\"more-link\">Cel\u00e1 spr\u00e1va <span class=\"meta-nav\">&rarr;<\/span><\/a><\/p>\n","protected":false},"author":2,"featured_media":0,"comment_status":"closed","ping_status":"closed","sticky":false,"template":"","format":"standard","meta":{"_links_to":"","_links_to_target":""},"categories":[1],"tags":[3,76],"_links":{"self":[{"href":"https:\/\/literarnenoviny.sk\/servis\/wp-json\/wp\/v2\/posts\/24165"}],"collection":[{"href":"https:\/\/literarnenoviny.sk\/servis\/wp-json\/wp\/v2\/posts"}],"about":[{"href":"https:\/\/literarnenoviny.sk\/servis\/wp-json\/wp\/v2\/types\/post"}],"author":[{"embeddable":true,"href":"https:\/\/literarnenoviny.sk\/servis\/wp-json\/wp\/v2\/users\/2"}],"replies":[{"embeddable":true,"href":"https:\/\/literarnenoviny.sk\/servis\/wp-json\/wp\/v2\/comments?post=24165"}],"version-history":[{"count":0,"href":"https:\/\/literarnenoviny.sk\/servis\/wp-json\/wp\/v2\/posts\/24165\/revisions"}],"wp:attachment":[{"href":"https:\/\/literarnenoviny.sk\/servis\/wp-json\/wp\/v2\/media?parent=24165"}],"wp:term":[{"taxonomy":"category","embeddable":true,"href":"https:\/\/literarnenoviny.sk\/servis\/wp-json\/wp\/v2\/categories?post=24165"},{"taxonomy":"post_tag","embeddable":true,"href":"https:\/\/literarnenoviny.sk\/servis\/wp-json\/wp\/v2\/tags?post=24165"}],"curies":[{"name":"wp","href":"https:\/\/api.w.org\/{rel}","templated":true}]}}