{"id":23874,"date":"2024-02-15T12:00:39","date_gmt":"2024-02-15T11:00:39","guid":{"rendered":"https:\/\/literarnenoviny.sk\/servis\/?p=23874"},"modified":"2024-02-15T14:06:07","modified_gmt":"2024-02-15T13:06:07","slug":"smer-podal-trestne-oznamenie-na-publicistu-a-spisovatela-martina-milana-simecku","status":"publish","type":"post","link":"https:\/\/literarnenoviny.sk\/servis\/smer-podal-trestne-oznamenie-na-publicistu-a-spisovatela-martina-milana-simecku\/","title":{"rendered":"Smer podal trestn\u00e9 ozn\u00e1menie na&nbsp;publicistu a&nbsp;spisovate\u013ea Martina Milana \u0160ime\u010dku"},"content":{"rendered":"<p><strong>Strana <a href=\"https:\/\/www.strana-smer.sk\" rel=\"noopener\" target=\"_blank\">Smer &#8211; soci\u00e1lna demokracia<\/a> podala trestn\u00e9 ozn\u00e1menie pre&nbsp;podozrenie z&nbsp;hanobenia n\u00e1roda na&nbsp;slovensk\u00e9ho publicistu a&nbsp;spisovate\u013ea <a href=\"https:\/\/sk.wikipedia.org\/wiki\/Martin_Milan_\u0160ime\u010dka\" rel=\"noopener\" target=\"_blank\">Martina Milana \u0160ime\u010dku<\/a><\/strong>. Pod\u013ea \u010dlena strany a&nbsp;ved\u00faceho \u00faradu vl\u00e1dy Juraja Gedru v\u00fdroky koment\u00e1tora Denn\u00edka N \u0160ime\u010dku na&nbsp;adresu slovensk\u00e9ho n\u00e1roda.<\/p>\n<p>Publicita pod\u013ea Gedru v&nbsp;jednej z&nbsp;diskusii na&nbsp;adresu prem\u00e9ra Roberta Fica uviedol<em> \u201eTento premi\u00e9r mal\u00e9ho n\u00e1roda, zbabel\u00e9ho, ktor\u00fd nikdy nebojoval\u2026\u201c<\/em>.<\/p>\n<p><center><div class=\"gca-utility vertical-spacer\"><\/div><iframe loading=\"lazy\" src=\"https:\/\/www.facebook.com\/plugins\/post.php?href=https%3A%2F%2Fwww.facebook.com%2FProgresivneSlovensko%2Fposts%2Fpfbid02QPFwxZG4aqKnANTDwiT4ucidDP92LTTWLv14GmC2wdNHib7L6qxjcVG31pC2R3dSl&#038;width=400&#038;show_text=true&#038;height=656&#038;appId\" width=\"400\" height=\"656\" style=\"border:none;overflow:hidden\" scrolling=\"no\" frameborder=\"0\" allowfullscreen=\"true\" allow=\"autoplay; clipboard-write; encrypted-media; picture-in-picture; web-share\"><\/iframe> <div class=\"gca-utility vertical-spacer\"><\/div><\/center><\/p>\n<p>N\u00e1sledne vraj \u0160ime\u010dka svoje vyjadreneie poopravil \u201eMal som poveda\u0165, \u017ee&nbsp;Slov\u00e1ci s\u00fa n\u00e1rod zbabelcov, nie zbabel\u00fd n\u00e1rod.\u201c<\/p>\n<p><em>\u201eMysl\u00edm si, \u017ee&nbsp;tak\u00e9to slov\u00e1 nemali nikdy odznie\u0165 vo<\/em> verejnom priestore,\u201c<\/em> dodal Gedra. V\u00fdroky \u0160ime\u010dku pod\u013ea neho prekro\u010dili hranicu trestnopr\u00e1vnej zodpovednosti. <\/p>\n<p>Publicistov syn a&nbsp;predseda hnutia <a href=\"https:\/\/progresivne.sk\/\" rel=\"noopener\" target=\"_blank\">Progres\u00edvn\u00e9 Slovensko<\/a> Michal \u0160ime\u010dka ozna\u010dil trestn\u00e9 ozn\u00e1menie na&nbsp;svojho otca <em>\u201eza lacn\u00fa demon\u0161tr\u00e1ciu sily\u201c<\/em> s&nbsp;t\u00fdm, \u017ee&nbsp;jeho otca prenasledovali komunisti, Vladim\u00edr Me\u010diar, a&nbsp;teraz to rob\u00ed i&nbsp;Smer. <\/p>\n<p><em>\u201eKomunistov, Me\u010diara aj Fica sp\u00e1ja t\u00e1 ist\u00e1 DNA,\u201c<\/em> uviedol vo&nbsp;svojom stanovisku a&nbsp;poznamenal, \u017ee&nbsp;ho to neprekvapuje. <em>\u201eSmer ovl\u00e1dol pol\u00edciu, ide ovl\u00e1dnu\u0165 SIS, teraz \u00fato\u010d\u00ed na&nbsp;nez\u00e1visl\u00fdch novin\u00e1rov. A&nbsp;\u00faplne nezmyselne do&nbsp;toho za\u0165ahuje aj m\u0148a ako opozi\u010dn\u00e9ho politika,\u201c <\/em> uviedol \u0161\u00e9f progres\u00edvcov.<\/p>\n<p>Michal \u0160ime\u010dka tie\u017e avizoval z\u00e1mer pokra\u010dova\u0165 v&nbsp;odkr\u00fdvan\u00ed \u0161kand\u00e1lov s\u00fa\u010dasnej vl\u00e1dy. \u201eNa z\u00e1ver sa&nbsp;len sp\u00fdtam. To, \u010do&nbsp;Smer\u00e1ci pr\u00e1ve predviedli, je&nbsp;kom\u00e9dia, fra\u0161ka alebo \u00fapln\u00e1 hanba?&#8220; dodal predseda opozi\u010dnej strany<\/p>\n<p style=\"text-align: right;\"><small>&mdash;&nbsp;<a href=\"https:\/\/www.strana-smer.sk\/aktuality\/clanky\/post\/tlacova-konferencia-predstavitelov-smer-ssd-na-temu-podavame-trestne-oznamenie-na-pana-simecku-za-hanlive-vyroky-na-adresu-slovenskeho-naroda\" target=\"_blank\" rel=\"noopener\">Smer SD<\/a> a&nbsp;<a href=\"https:\/\/progresivne.sk\/\" target=\"_blank\" rel=\"noopener\">Progres\u00edvne Slovensko<\/a><\/small><\/p>\n<div class=\"gca-utility clearfix\"><\/div>\n<div class=\"gca-utility vertical-spacer\"><\/div>\n<p><center><span class=\"fullscreen\"><script type=\"text\/javascript\" src=\"\/\/partner.mrtns.eu\/banners\/banner.js?type=banner&#038;brand_id=1&#038;uItem=281254&#038;size=full&#038;color=blue&#038;z=WLGC7F\"><\/script><\/span><\/center><\/p>\n","protected":false},"excerpt":{"rendered":"<p>SPR\u00c1VY A&nbsp;AKTUALITY<br \/>\n15. FEBRU\u00c1RA 2024 \/ 12:00<br \/>\nStrana Smer \u2013 soci\u00e1lna demokracia podala trestn\u00e9 ozn\u00e1menie pre&nbsp;podozrenie z&nbsp;hanobenia n\u00e1roda na&nbsp;slovensk\u00e9ho publicistu a&nbsp;spisovate\u013ea Martina Milana \u0160ime\u010dku. Pod\u013ea \u010dlena strany a&nbsp;ved\u00faceho \u00faradu vl\u00e1dy Juraja Gedru v\u00fdroky koment\u00e1tora Denn\u00edka N \u0160ime\u010dku na&nbsp;adresu slovensk\u00e9ho n\u00e1roda. <a href=\"https:\/\/literarnenoviny.sk\/servis\/smer-podal-trestne-oznamenie-na-publicistu-a-spisovatela-martina-milana-simecku\/\" class=\"more-link\">Cel\u00e1 spr\u00e1va <span class=\"meta-nav\">&rarr;<\/span><\/a><\/p>\n","protected":false},"author":2,"featured_media":0,"comment_status":"closed","ping_status":"closed","sticky":false,"template":"","format":"standard","meta":{"_links_to":"","_links_to_target":""},"categories":[1],"tags":[3,76,109],"_links":{"self":[{"href":"https:\/\/literarnenoviny.sk\/servis\/wp-json\/wp\/v2\/posts\/23874"}],"collection":[{"href":"https:\/\/literarnenoviny.sk\/servis\/wp-json\/wp\/v2\/posts"}],"about":[{"href":"https:\/\/literarnenoviny.sk\/servis\/wp-json\/wp\/v2\/types\/post"}],"author":[{"embeddable":true,"href":"https:\/\/literarnenoviny.sk\/servis\/wp-json\/wp\/v2\/users\/2"}],"replies":[{"embeddable":true,"href":"https:\/\/literarnenoviny.sk\/servis\/wp-json\/wp\/v2\/comments?post=23874"}],"version-history":[{"count":0,"href":"https:\/\/literarnenoviny.sk\/servis\/wp-json\/wp\/v2\/posts\/23874\/revisions"}],"wp:attachment":[{"href":"https:\/\/literarnenoviny.sk\/servis\/wp-json\/wp\/v2\/media?parent=23874"}],"wp:term":[{"taxonomy":"category","embeddable":true,"href":"https:\/\/literarnenoviny.sk\/servis\/wp-json\/wp\/v2\/categories?post=23874"},{"taxonomy":"post_tag","embeddable":true,"href":"https:\/\/literarnenoviny.sk\/servis\/wp-json\/wp\/v2\/tags?post=23874"}],"curies":[{"name":"wp","href":"https:\/\/api.w.org\/{rel}","templated":true}]}}