{"id":23671,"date":"2024-01-09T14:00:38","date_gmt":"2024-01-09T13:00:38","guid":{"rendered":"https:\/\/literarnenoviny.sk\/servis\/?p=23671"},"modified":"2024-01-09T21:43:11","modified_gmt":"2024-01-09T20:43:11","slug":"ruskeho-basnika-leva-rubinsteina-zrazilo-auto-je-hospitalizovany-vo-vaznom-stave","status":"publish","type":"post","link":"https:\/\/literarnenoviny.sk\/servis\/ruskeho-basnika-leva-rubinsteina-zrazilo-auto-je-hospitalizovany-vo-vaznom-stave\/","title":{"rendered":"Rusk\u00e9ho b\u00e1snika Leva Rubin\u0161teina zrazilo auto, je&nbsp;hospitalizovan\u00fd vo&nbsp;v\u00e1\u017enom stave"},"content":{"rendered":"<p><strong>Rusk\u00e9ho b\u00e1snika a&nbsp;liter\u00e1rneho kritika <a href=\"https:\/\/ru.wikipedia.org\/wiki\/\u0420\u0443\u0431\u0438\u043d\u0448\u0442\u0435\u0439\u043d,_\u041b\u0435\u0432_\u0421\u0435\u043c\u0451\u043d\u043e\u0432\u0438\u0447\" rel=\"noopener\" target=\"_blank\">Leva Semionovi\u010da Rubin\u0161teina<\/a> zrazilo na&nbsp;moskovskom prechode pre&nbsp;chodcov auto<\/strong>. Sedemdesiat\u0161es\u0165ro\u010dn\u00e9ho autora previezli vo&nbsp;v\u00e1\u017enom stave do&nbsp;nemocnice, kde lek\u00e1ri bojuj\u00fa o&nbsp;jeho \u017eivot. Okolnosti incidentu sa&nbsp;objas\u0148uj\u00fa, informovala o&nbsp;tom agent\u00fara <a href=\"https:\/\/tass.ru\/proisshestviya\/19690791\" rel=\"noopener\" target=\"_blank\">TASS<\/a> a&nbsp;<a href=\"https:\/\/www.rbc.ru\/society\/09\/01\/2024\/659c6d679a794753d78e9351\" rel=\"noopener\" target=\"_blank\">b\u00e1snikovi zn\u00e1mi<\/a>.<\/p>\n<p>Jeden zo&nbsp;zakladate\u013eov moskovsk\u00e9ho <a href=\"https:\/\/sk.wikipedia.org\/wiki\/Konceptualizmus\" rel=\"noopener\" target=\"_blank\">konceptualizmu<\/a> Lev Rubin\u0161tein je&nbsp;signat\u00e1rov otvoren\u00e9ho listu odsudzuj\u00faceho rusk\u00fa inv\u00e1ziu na&nbsp;Ukrajinu. <\/p>\n<p><center><div class=\"gca-utility vertical-spacer\"><\/div>\n<blockquote class=\"twitter-tweet\">\n<p lang=\"ru\" dir=\"ltr\">\u041f\u043e\u044d\u0442 \u041b\u0435\u0432 \u0420\u0443\u0431\u0438\u043d\u0448\u0442\u0435\u0439\u043d \u0433\u043e\u0441\u043f\u0438\u0442\u0430\u043b\u0438\u0437\u0438\u0440\u043e\u0432\u0430\u043d \u0432 \u043a\u0440\u0430\u0439\u043d\u0435 \u0442\u044f\u0436\u0435\u043b\u043e\u043c \u0441\u043e\u0441\u0442\u043e\u044f\u043d\u0438\u0438, \u0435\u0433\u043e \u0441\u0431\u0438\u043b\u0430 \u043c\u0430\u0448\u0438\u043d\u0430 <a href=\"https:\/\/t.co\/nwhKknYciO\">https:\/\/t.co\/nwhKknYciO<\/a><\/p>\n<p>&mdash; The&nbsp;Insider (@the_ins_ru) <a href=\"https:\/\/twitter.com\/the_ins_ru\/status\/1744625272639377851?ref_src=twsrc%5Etfw\">January 9, 2024<\/a><\/p><\/blockquote>\n<p> <script async src=\"https:\/\/platform.twitter.com\/widgets.js\" charset=\"utf-8\"><\/script><div class=\"gca-utility vertical-spacer\"><\/div><\/center><\/p>\n<p>Moskovsk\u00fd rod\u00e1k, ktor\u00fd za\u010d\u00ednal ako knihovn\u00edk, je&nbsp;absolventom Filologickej fakulty <a href=\"https:\/\/mggu-sh.ru\/\" rel=\"noopener\" target=\"_blank\">Moskovskej \u0161t\u00e1tnej univerzity pre&nbsp;humanitn\u00e9 vedy M. A. \u0160olochova<\/a>. Pr\u00e1ca s&nbsp;kartote\u010dn\u00fdmi l\u00edstkami ho in\u0161pirovala k&nbsp;vytvoreniu osobit\u00e9ho \u017e\u00e1nru na&nbsp;hranici verb\u00e1lneho a&nbsp;v\u00fdtvarn\u00e9ho umenia a&nbsp;performance &#8211; takzvanej <em>\u201ekartot\u00e9kovej po\u00e9zie\u201c<\/em>. <\/p>\n<p>Svoje minimalistick\u00e9 ver\u0161e publikoval od&nbsp;sedemdesiatych rokov na&nbsp;Z\u00e1pade a&nbsp;od&nbsp;konca osemdesiatych rokov minul\u00e9ho storo\u010dia aj v&nbsp;Rusku.  <\/p>\n<p>V roku 2014 podp\u00edsal Lev Rubin\u0161tein vyhl\u00e1senie po\u017eaduj\u00face <em>\u201ezastavi\u0165 propagandu, materi\u00e1lnu a&nbsp;vojensk\u00fa podporu separatistov na&nbsp;juhov\u00fdchode Ukrajiny\u201c<\/em>. V&nbsp;roku 2017 <a href=\"https:\/\/ru.wikipedia.org\/wiki\/\u0420\u0443\u0431\u0438\u043d\u0448\u0442\u0435\u0439\u043d,_\u041b\u0435\u0432_\u0421\u0435\u043c\u0451\u043d\u043e\u0432\u0438\u0447\" rel=\"noopener\" target=\"_blank\">opustil rusk\u00fd PEN klub<\/a>, ktor\u00fd pod\u013ea neho prestal bojova\u0165 za&nbsp;slobodu prejavu, aby sa&nbsp;vyhol <em>\u201ehnevu \u00faradov\u201c<\/em>. <\/p>\n<p>V septembri 2020 rusk\u00fd tvorca podporil <a href=\"https:\/\/sk.wikipedia.org\/wiki\/Protesty_v_Bielorusku_v_rokoch_2020_\u2013_2021\" rel=\"noopener\" target=\"_blank\">protesty v&nbsp;Bielorusku <\/a>a v&nbsp;marci 2022 podp\u00edsal otvoren\u00fd list proti <a href=\"https:\/\/sk.wikipedia.org\/wiki\/Rusk\u00e1_inv\u00e1zia_na_Ukrajinu\" rel=\"noopener\" target=\"_blank\">ruskej vojenskej agresii na&nbsp;Ukrajine<\/a>.<\/p>\n<p style=\"text-align: right;\"><small>&mdash;&nbsp;<a href=\"https:\/\/tass.ru\/proisshestviya\/19690791\" target=\"_blank\" rel=\"noopener\">TASS<\/a> a&nbsp;<a href=\"https:\/\/theins.ru\/news\/268153\" target=\"_blank\" rel=\"noopener\">The Insider<\/a><\/small><\/p>\n<div class=\"gca-utility clearfix\"><\/div>\n<div class=\"gca-utility vertical-spacer\"><\/div>\n<p><center><span class=\"fullscreen\"><script type=\"text\/javascript\" src=\"\/\/partner.mrtns.eu\/banners\/banner.js?type=banner&#038;brand_id=1&#038;uItem=2166033&#038;size=full&#038;color=orange&#038;z=WLGC7F\"><\/script><\/span><\/center><\/p>\n","protected":false},"excerpt":{"rendered":"<p>Rusk\u00e9ho b\u00e1snika a&nbsp;liter\u00e1rneho kritika Leva Semionovi\u010da Rubin\u0161teina zrazilo na&nbsp;moskovskom prechode pre&nbsp;chodcov auto. Sedemdesiat\u0161es\u0165ro\u010dn\u00e9ho autora previezli vo&nbsp;v\u00e1\u017enom stave do&nbsp;nemocnice, kde lek\u00e1ri bojuj\u00fa o&nbsp;jeho \u017eivot. Okolnosti incidentu sa&nbsp;objas\u0148uj\u00fa, informovala o&nbsp;tom agent\u00fara TASS a&nbsp;b\u00e1snikovi zn\u00e1mi. <a href=\"https:\/\/literarnenoviny.sk\/servis\/ruskeho-basnika-leva-rubinsteina-zrazilo-auto-je-hospitalizovany-vo-vaznom-stave\/\" class=\"more-link\">Cel\u00e1 spr\u00e1va <span class=\"meta-nav\">&rarr;<\/span><\/a><\/p>\n","protected":false},"author":2,"featured_media":0,"comment_status":"closed","ping_status":"closed","sticky":false,"template":"","format":"standard","meta":{"_links_to":"","_links_to_target":""},"categories":[1],"tags":[3],"_links":{"self":[{"href":"https:\/\/literarnenoviny.sk\/servis\/wp-json\/wp\/v2\/posts\/23671"}],"collection":[{"href":"https:\/\/literarnenoviny.sk\/servis\/wp-json\/wp\/v2\/posts"}],"about":[{"href":"https:\/\/literarnenoviny.sk\/servis\/wp-json\/wp\/v2\/types\/post"}],"author":[{"embeddable":true,"href":"https:\/\/literarnenoviny.sk\/servis\/wp-json\/wp\/v2\/users\/2"}],"replies":[{"embeddable":true,"href":"https:\/\/literarnenoviny.sk\/servis\/wp-json\/wp\/v2\/comments?post=23671"}],"version-history":[{"count":0,"href":"https:\/\/literarnenoviny.sk\/servis\/wp-json\/wp\/v2\/posts\/23671\/revisions"}],"wp:attachment":[{"href":"https:\/\/literarnenoviny.sk\/servis\/wp-json\/wp\/v2\/media?parent=23671"}],"wp:term":[{"taxonomy":"category","embeddable":true,"href":"https:\/\/literarnenoviny.sk\/servis\/wp-json\/wp\/v2\/categories?post=23671"},{"taxonomy":"post_tag","embeddable":true,"href":"https:\/\/literarnenoviny.sk\/servis\/wp-json\/wp\/v2\/tags?post=23671"}],"curies":[{"name":"wp","href":"https:\/\/api.w.org\/{rel}","templated":true}]}}