{"id":23400,"date":"2023-11-06T12:30:18","date_gmt":"2023-11-06T11:30:18","guid":{"rendered":"https:\/\/literarnenoviny.sk\/servis\/?p=23400"},"modified":"2023-12-15T00:26:10","modified_gmt":"2023-12-14T23:26:10","slug":"novu-slovensku-ministerku-kultury-martinu-simkovicovu-trapi-zmiesavanie-kultur","status":"publish","type":"post","link":"https:\/\/literarnenoviny.sk\/servis\/novu-slovensku-ministerku-kultury-martinu-simkovicovu-trapi-zmiesavanie-kultur\/","title":{"rendered":"Nov\u00fa slovensk\u00fa ministerku kult\u00fary Martinu \u0160imkovi\u010dov\u00fa tr\u00e1pi zmie\u0161avanie kult\u00far"},"content":{"rendered":"<p><strong>Nov\u00e1 slovensk\u00e1 ministerka kult\u00fary <a href=\"https:\/\/sk.wikipedia.org\/wiki\/Martina_\u0160imkovi\u010dov\u00e1\" rel=\"noopener\" target=\"_blank\">Martina \u0160imkovi\u010dov\u00e1<\/a> je&nbsp;proti <em>\u201ezmie\u0161avaniu na\u0161ej kult\u00fary s&nbsp;in\u00fdmi\u201c<\/em><\/strong>, vyhl\u00e1sila to po\u010das n\u00e1v\u0161tevy predsedu vl\u00e1dy Roberta Fica v&nbsp;s\u00eddle rezortu. Uviedla to napriek tomu, \u017ee&nbsp;premi\u00e9r predt\u00fdm vo&nbsp;svojom pr\u00edhovore spom\u00ednal <a href=\"https:\/\/sk.wikipedia.org\/wiki\/Ve\u013ek\u00e1_Morava\" rel=\"noopener\" target=\"_blank\">Ve\u013ek\u00fa Moravu<\/a>, <a href=\"https:\/\/sk.wikipedia.org\/wiki\/Cyril_a_Metod\" rel=\"noopener\" target=\"_blank\">sol\u00fanskych bratov<\/a> \u010di&nbsp;<a href=\"https:\/\/sk.wikipedia.org\/wiki\/Revol\u00facie_v_rokoch_1848_\u2013_1849\" rel=\"noopener\" target=\"_blank\">meru\u00f4sme roky<\/a>.<\/p>\n<p>Ako (a&nbsp;pre\u010do) chce ministerstvo zvr\u00e1ti\u0165 tis\u00edcro\u010dia prebiehaj\u00faci prirodzen\u00fd proces, \u0161\u00e9fka rezortu zatia\u013e bli\u017e\u0161ie nespresnila.<\/p>\n<p><center><div class=\"gca-utility vertical-spacer\"><\/div><iframe loading=\"lazy\" src=\"https:\/\/www.facebook.com\/plugins\/post.php?href=https%3A%2F%2Fwww.facebook.com%2FteleviziaTA3%2Fposts%2Fpfbid0SYMfpXNTRqT2yL8GwfFq1kRZbVDRSqu2Fkt3CdMFtHde7xKytaHMmTbiWxK6ayXXl&#038;width=460&#038;show_text=true&#038;appId=2424319851126972&#038;height=505\" width=\"460\" height=\"505\" style=\"border:none;overflow:hidden\" scrolling=\"no\" frameborder=\"0\" allowfullscreen=\"true\" allow=\"autoplay; clipboard-write; encrypted-media; picture-in-picture; web-share\"><\/iframe><div class=\"gca-utility vertical-spacer\"><\/div><\/center><\/p>\n<p><em>\u201eKult\u00fara slovensk\u00e9ho \u013eudu m\u00e1 by\u0165 slovensk\u00e1, slovensk\u00e1 a&nbsp;\u017eiadna in\u00e1. Tolerujeme in\u00e9 n\u00e1rodn\u00e9 kult\u00fary, ale na\u0161a kult\u00fara nie je&nbsp;zmie\u0161avanie in\u00fdch kult\u00far,\u201c<\/em> vyjadrila sa&nbsp;\u0160imkovi\u010dov\u00e1.<\/p>\n<p><em>\u201eRe\u0161pektovanie in\u00fdch kult\u00far v\u0161ak neznamen\u00e1 mie\u0161anie slovenskej kult\u00fary s&nbsp;inou, a&nbsp;toto je, d\u00e1my a&nbsp;p\u00e1ni, moja v\u00edzia,\u201c<\/em> uviedla ministerka kult\u00fary s&nbsp;t\u00fdm, \u017ee&nbsp;oblas\u0165 kult\u00fary chce postavi\u0165 <em>\u201ena slovensk\u00fdch kult\u00farnych dedi\u010dstv\u00e1ch, budite\u013eoch a&nbsp;dejinn\u00fdch m\u00ed\u013enikoch slovensk\u00e9ho n\u00e1roda\u201c<\/em>. <\/p>\n<p>Pri uv\u00e1dzan\u00ed b\u00fdvalej moder\u00e1torky <a href=\"https:\/\/www.markiza.sk\/\" rel=\"noopener\" target=\"_blank\">komer\u010dnej telev\u00edzie Mark\u00edza<\/a> do&nbsp;\u010dela rezortu ozna\u010dil predseda vl\u00e1dy R\u00f3bert Fico ministerstvo, ktor\u00e9 <em>\u201enie je&nbsp;pr\u00edli\u0161 nab\u00fachan\u00e9 peniazmi\u201c<\/em>, za&nbsp;mimoriadne d\u00f4le\u017eit\u00e9 pre&nbsp;Slovensko.<\/p>\n<p style=\"text-align: right;\"><small>&mdash;&nbsp;<a href=\"https:\/\/www.culture.gov.sk\/\" target=\"_blank\" rel=\"noopener\">Ministerstvo kult\u00fary SR<\/a><\/small><\/p>\n<div class=\"gca-utility clearfix\"><\/div>\n<div class=\"gca-utility vertical-spacer\"><\/div>\n<p><center><span class=\"fullscreen\"><a href=\"\/\/www.martinus.sk\/?z=WLGC7F&#038;utm_source=z%3DWLGC7F&#038;utm_medium=banner1_468x60&#038;utm_campaign=partner\"><img decoding=\"async\" src=\"\/\/www.martinus.sk\/images\/banners\/468x60_red.jpg\" alt=\"www.martinus.sk\" \/><\/a><\/span><\/center><\/p>\n","protected":false},"excerpt":{"rendered":"<p>Nov\u00e1 slovensk\u00e1 ministerka kult\u00fary Martina \u0160imkovi\u010dov\u00e1 je&nbsp;proti zmie\u0161avaniu na\u0161ej kult\u00fary s&nbsp;in\u00fdmi, vyhl\u00e1sila to po\u010das n\u00e1v\u0161tevy predsedu vl\u00e1dy Roberta Fica v&nbsp;s\u00eddle rezortu. Uviedla to napriek tomu, \u017ee&nbsp;premi\u00e9r predt\u00fdm vo&nbsp;svojom pr\u00edhovore spom\u00ednal Ve\u013ek\u00fa Moravu, sol\u00fanskych bratov \u010di&nbsp;meru\u00f4sme roky. <a href=\"https:\/\/literarnenoviny.sk\/servis\/novu-slovensku-ministerku-kultury-martinu-simkovicovu-trapi-zmiesavanie-kultur\/\" class=\"more-link\">Cel\u00e1 spr\u00e1va <span class=\"meta-nav\">&rarr;<\/span><\/a><\/p>\n","protected":false},"author":2,"featured_media":0,"comment_status":"closed","ping_status":"closed","sticky":false,"template":"","format":"standard","meta":{"_links_to":"","_links_to_target":""},"categories":[1],"tags":[3,76],"_links":{"self":[{"href":"https:\/\/literarnenoviny.sk\/servis\/wp-json\/wp\/v2\/posts\/23400"}],"collection":[{"href":"https:\/\/literarnenoviny.sk\/servis\/wp-json\/wp\/v2\/posts"}],"about":[{"href":"https:\/\/literarnenoviny.sk\/servis\/wp-json\/wp\/v2\/types\/post"}],"author":[{"embeddable":true,"href":"https:\/\/literarnenoviny.sk\/servis\/wp-json\/wp\/v2\/users\/2"}],"replies":[{"embeddable":true,"href":"https:\/\/literarnenoviny.sk\/servis\/wp-json\/wp\/v2\/comments?post=23400"}],"version-history":[{"count":0,"href":"https:\/\/literarnenoviny.sk\/servis\/wp-json\/wp\/v2\/posts\/23400\/revisions"}],"wp:attachment":[{"href":"https:\/\/literarnenoviny.sk\/servis\/wp-json\/wp\/v2\/media?parent=23400"}],"wp:term":[{"taxonomy":"category","embeddable":true,"href":"https:\/\/literarnenoviny.sk\/servis\/wp-json\/wp\/v2\/categories?post=23400"},{"taxonomy":"post_tag","embeddable":true,"href":"https:\/\/literarnenoviny.sk\/servis\/wp-json\/wp\/v2\/tags?post=23400"}],"curies":[{"name":"wp","href":"https:\/\/api.w.org\/{rel}","templated":true}]}}