{"id":23183,"date":"2023-09-06T18:48:18","date_gmt":"2023-09-06T16:48:18","guid":{"rendered":"https:\/\/literarnenoviny.sk\/servis\/?p=23183"},"modified":"2023-09-08T08:59:35","modified_gmt":"2023-09-08T06:59:35","slug":"riaditelka-mestskeho-divadla-vidi-za-kritikou-noveho-vizualu-nevzdelanost-a-zlobu","status":"publish","type":"post","link":"https:\/\/literarnenoviny.sk\/servis\/riaditelka-mestskeho-divadla-vidi-za-kritikou-noveho-vizualu-nevzdelanost-a-zlobu\/","title":{"rendered":"Riadite\u013eka mestsk\u00e9ho divadla vid\u00ed za&nbsp;kritikou nov\u00e9ho vizu\u00e1lu nevzdelanos\u0165 a&nbsp;zlobu"},"content":{"rendered":"<p><strong>Nov\u00fd vizu\u00e1l a&nbsp;reklamn\u00e1 kampa\u0148 bratislavsk\u00e9ho <a href=\"https:\/\/dpoh.sk\/\" rel=\"noopener\" target=\"_blank\">Divadla Pavla Orsz\u00e1gha Hviezdoslava<\/a> sa&nbsp;nep\u00e1\u010di \u010dasti div\u00e1ckej obce a&nbsp;vyvolal v\u00e1\u0161ne<\/strong>. Aktivistick\u00fd mot\u00edv pseudobudovate\u013eskej vitr\u00e1\u017ee pova\u017euj\u00fa za&nbsp;nevhodn\u00fd a&nbsp;dehonestuj\u00faci slovensk\u00e9ho b\u00e1snika. Riadite\u013eka mestskej sc\u00e9ny financovanej z&nbsp;verejn\u00fdch zdrojov Val\u00e9ria Schulczov\u00e1 ozna\u010dila kritikov za&nbsp;nevzdelancov \u0161\u00edriacich zlobu.<\/p>\n<p>Na <a href=\"https:\/\/sita.sk\/odseknuta-hlava-hviezdoslava-je-nechutna-metafora-matica-slovenska-protestuje-proti-novej-reklamnej-kampani-divadla-fotovideo\/\" rel=\"noopener\" target=\"_blank\">proteste pred budovou divadla<\/a>, ktor\u00fd zorganizovala Matica slovensk\u00e1, sa&nbsp;stretli kritici aj podporovatelia kampane a&nbsp;zasahovala na&nbsp;\u0148om aj pol\u00edcia.<\/p>\n<p><center><div class=\"gca-utility vertical-spacer\"><\/div> <iframe loading=\"lazy\" src=\"https:\/\/www.facebook.com\/plugins\/post.php?href=https%3A%2F%2Fwww.facebook.com%2Fdpoh.sk%2Fposts%2Fpfbid0sZWQauY5v5hu1p1vB4hBLEcnNX85u6bEmEbsGQC5K8n2pBa7fWhHnN548wGzqiiul&#038;width=460&#038;show_text=true&#038;appId=2424319851126972&#038;height=672\" width=\"460\" height=\"672\" style=\"border:none;overflow:hidden\" scrolling=\"no\" frameborder=\"0\" allowfullscreen=\"true\" allow=\"autoplay; clipboard-write; encrypted-media; picture-in-picture; web-share\"><\/iframe> <div class=\"gca-utility vertical-spacer\"><\/div><\/center><\/p>\n<p>Pod\u013ea Matice slovenskej vizu\u00e1lna kampa\u0148 hrubo dehonestuje jej b\u00fdval\u00e9ho predsedu a&nbsp;jedn\u00e9ho z&nbsp;najv\u00fdznamnej\u0161\u00edch slovensk\u00fdch b\u00e1snikov a&nbsp;dramatikov Pavla Orsz\u00e1gha Hviezdoslava. Na&nbsp;vitr\u00e1\u017ei zobrazuj\u00facej mlad\u00fdch \u013eud\u00ed s&nbsp;d\u00fahovou, ukrajinskou a&nbsp;antifa\u0161istickou vlajkou ich pob\u00farila najm\u00e4 <em>\u201eodseknut\u00e1\u201c<\/em> b\u00e1snikova hlava, uviedli n\u00e1rodovci v&nbsp;<a href=\"https:\/\/matica.sk\/skandalozna-dehonestacia-p-o-hviezdoslava\/\" rel=\"noopener\" target=\"_blank\">tla\u010dovej spr\u00e1ve<\/a> zaslanej m\u00e9di\u00e1m.<\/p>\n<p>Riadite\u013eka DPOH Val\u00e9ria Schulczov\u00e1 d\u00f4razne odmieta tvrdenia, \u017ee&nbsp;divadlo zr\u00e1dza n\u00e1rodn\u00e9 z\u00e1ujmy Slovenska. Pod\u013ea nej sa&nbsp;treba kriticky pozrie\u0165 na&nbsp;minulos\u0165, preto\u017ee sa&nbsp;za\u010d\u00ednaj\u00fa opakova\u0165 chyby.<\/p>\n<p><em>\u201eGrafika nezobrazuje, komu divadlo patr\u00ed. Metaforicky prin\u00e1\u0161a to, ak\u00e9 t\u00e9my sa&nbsp;v&nbsp;divadle spracov\u00e1vaj\u00fa a&nbsp;\u017ee&nbsp;stoj\u00edme na&nbsp;strane minor\u00edt, ktor\u00e9 s\u00fa majoritou skuto\u010dne pova\u017eovan\u00e9 za&nbsp;\u013eud\u00ed druhej kateg\u00f3rie,\u201c<\/em> uviedla Schulczov\u00e1. <\/p>\n<p>\u0160\u00edrenie nen\u00e1visti a&nbsp;nesolid\u00e1rnosti so&nbsp;slab\u0161\u00edmi, utla\u010dovan\u00fdmi \u010di&nbsp;napadnut\u00fdmi, pr\u00edpadne robi\u0165 z&nbsp;obete p\u00e1chate\u013ea, <a href=\"https:\/\/standard.sk\/431181\/riaditelka-dpoh-grafika-ukazuje-ze-sme-na-strane-minorit-ktore-majorita-povazuje-za-ludi-druhej-kategorie\" rel=\"noopener\" target=\"_blank\">pova\u017euje za&nbsp;nepochopite\u013en\u00e9<\/a> a&nbsp;pripisuje to aj mimoriadne polarizovanej spolo\u010dnosti.<\/p>\n<p><em>\u201ePova\u017eovali sme to za&nbsp;mimoriadne d\u00f4stojn\u00e9. Ale zjavne k&nbsp;takejto vizualiz\u00e1cii treba ur\u010dit\u00e9 vzdelanie, ktor\u00e9 u&nbsp;niektor\u00fdch absentuje alebo je&nbsp;zatienen\u00e9 neg\u00e1ciou a&nbsp;zlobou,\u201c<\/em> podotkla riadite\u013eka bratislavsk\u00e9ho divadla.<\/p>\n<p style=\"text-align: right;\"><small>&mdash;&nbsp;<a href=\"https:\/\/matica.sk\/skandalozna-dehonestacia-p-o-hviezdoslava\/\" target=\"_blank\" rel=\"noopener\">Matica slovensk\u00e1<\/a> a&nbsp;<a href=\"https:\/\/sita.sk\/odseknuta-hlava-hviezdoslava-je-nechutna-metafora-matica-slovenska-protestuje-proti-novej-reklamnej-kampani-divadla-fotovideo\/\" target=\"_blank\" rel=\"noopener\">SITA<\/a><\/small><\/p>\n<div class=\"gca-utility clearfix\"><\/div>\n<div class=\"gca-utility vertical-spacer\"><\/div>\n<p><center><span class=\"fullscreen\"><a href=\"\/\/www.martinus.sk\/?z=WLGC7F&#038;utm_source=z%3DWLGC7F&#038;utm_medium=banner1_468x60&#038;utm_campaign=partner\"><img decoding=\"async\" src=\"\/\/www.martinus.sk\/images\/banners\/468x60_red.jpg\" alt=\"www.martinus.sk\" \/><\/a><\/span><\/center><\/p>\n","protected":false},"excerpt":{"rendered":"<p>Nov\u00fd vizu\u00e1l a&nbsp;reklamn\u00e1 kampa\u0148 bratislavsk\u00e9ho Divadla Pavla Orsz\u00e1gha Hviezdoslava sa&nbsp;nep\u00e1\u010di \u010dasti div\u00e1ckej obce a&nbsp;vyvolal v\u00e1\u0161ne. Aktivistick\u00fd mot\u00edv pseudobudovate\u013eskej vitr\u00e1\u017ee pova\u017euj\u00fa za&nbsp;nevhodn\u00fd a&nbsp;dehonestuj\u00faci slovensk\u00e9ho b\u00e1snika. Riadite\u013eka mestskej sc\u00e9ny financovanej z&nbsp;verejn\u00fdch zdrojov ozna\u010dila kritikov za&nbsp;nevzdelancov \u0161\u00edriacich zlobu <a href=\"https:\/\/literarnenoviny.sk\/servis\/riaditelka-mestskeho-divadla-vidi-za-kritikou-noveho-vizualu-nevzdelanost-a-zlobu\/\" class=\"more-link\">Cel\u00e1 spr\u00e1va <span class=\"meta-nav\">&rarr;<\/span><\/a><\/p>\n","protected":false},"author":2,"featured_media":0,"comment_status":"closed","ping_status":"closed","sticky":false,"template":"","format":"standard","meta":{"_links_to":"","_links_to_target":""},"categories":[1],"tags":[2],"_links":{"self":[{"href":"https:\/\/literarnenoviny.sk\/servis\/wp-json\/wp\/v2\/posts\/23183"}],"collection":[{"href":"https:\/\/literarnenoviny.sk\/servis\/wp-json\/wp\/v2\/posts"}],"about":[{"href":"https:\/\/literarnenoviny.sk\/servis\/wp-json\/wp\/v2\/types\/post"}],"author":[{"embeddable":true,"href":"https:\/\/literarnenoviny.sk\/servis\/wp-json\/wp\/v2\/users\/2"}],"replies":[{"embeddable":true,"href":"https:\/\/literarnenoviny.sk\/servis\/wp-json\/wp\/v2\/comments?post=23183"}],"version-history":[{"count":0,"href":"https:\/\/literarnenoviny.sk\/servis\/wp-json\/wp\/v2\/posts\/23183\/revisions"}],"wp:attachment":[{"href":"https:\/\/literarnenoviny.sk\/servis\/wp-json\/wp\/v2\/media?parent=23183"}],"wp:term":[{"taxonomy":"category","embeddable":true,"href":"https:\/\/literarnenoviny.sk\/servis\/wp-json\/wp\/v2\/categories?post=23183"},{"taxonomy":"post_tag","embeddable":true,"href":"https:\/\/literarnenoviny.sk\/servis\/wp-json\/wp\/v2\/tags?post=23183"}],"curies":[{"name":"wp","href":"https:\/\/api.w.org\/{rel}","templated":true}]}}