{"id":23067,"date":"2023-07-04T16:20:52","date_gmt":"2023-07-04T14:20:52","guid":{"rendered":"https:\/\/literarnenoviny.sk\/servis\/?p=23067"},"modified":"2023-07-04T23:08:52","modified_gmt":"2023-07-04T21:08:52","slug":"blu-ray-disk-s-adaptaciou-poviedok-alfonza-bednara-ocenili-na-festivale-v-bologni","status":"publish","type":"post","link":"https:\/\/literarnenoviny.sk\/servis\/blu-ray-disk-s-adaptaciou-poviedok-alfonza-bednara-ocenili-na-festivale-v-bologni\/","title":{"rendered":"Blu-ray disk s&nbsp;adapt\u00e1ciou poviedok Alfonza Bedn\u00e1ra ocenili na&nbsp;festivale v&nbsp;Bologni"},"content":{"rendered":"<p><strong>Blu-ray vydanie slovensk\u00e9ho filmu <em><a href=\"https:\/\/www.martinus.sk\/?uItem=1769353&#038;z=WLGC7F&#038;utm_source=z%3DWLGC7F&#038;utm_medium=url&#038;utm_campaign=partner\" rel=\"noopener\" target=\"_blank\">Slnko v&nbsp;sieti<\/a><\/em> in\u0161pirovan\u00e9ho poviedkami <a href=\"https:\/\/sk.wikipedia.org\/wiki\/Alfonz_Bedn\u00e1r\" rel=\"noopener\" target=\"_blank\">Alfonza Bedn\u00e1ra<\/a> uspelo na&nbsp;filmovom festivale <a href=\"https:\/\/festival.ilcinemaritrovato.it\/en\/dvd-awards-i-vincitori\/\" rel=\"noopener\" target=\"_blank\">Il Cinema Ritrovato v&nbsp;Bologni<\/a><\/strong>. Sn\u00edmka <a href=\"https:\/\/sk.wikipedia.org\/wiki\/\u0160tefan_Uher\" rel=\"noopener\" target=\"_blank\">\u0160tefana Uhra<\/a> z&nbsp;roku 1962, pova\u017eovan\u00e1 za&nbsp;prv\u00e9 dielo <a href=\"https:\/\/cs.wikipedia.org\/wiki\/\u010ceskoslovensk\u00e1_nov\u00e1_vlna\" rel=\"noopener\" target=\"_blank\">\u010ceskoslovenskej novej vlny<\/a> uspela v&nbsp;kateg\u00f3rii DVD Awards ako najlep\u0161\u00ed samostatne uveden\u00fd film.<\/p>\n<p>Blu-ray nosi\u010d s&nbsp;filmom <em><strong><a href=\"https:\/\/sk.wikipedia.org\/wiki\/Slnko_v_sieti_(film)\" rel=\"noopener\" target=\"_blank\">Slnko v&nbsp;sieti<\/a><\/strong><\/em> vydal <a href=\"http:\/\/www.sfu.sk\/\" rel=\"noopener\" target=\"_blank\">Slovensk\u00fd filmov\u00fd \u00fastav<\/a> minul\u00fd rok pri pr\u00edle\u017eitosti 60.&nbsp;v\u00fdro\u010dia vzniku tohto ikonick\u00e9ho filmu. <\/p>\n<p><center><div class=\"gca-utility vertical-spacer\"><\/div><iframe loading=\"lazy\" src=\"https:\/\/www.facebook.com\/plugins\/post.php?href=https%3A%2F%2Fwww.facebook.com%2Ffilmovyustav%2Fposts%2Fpfbid02oQSfrAvfNJ9WGYnDQ57jaxMiwRHnEvyUHnzwnn9nDVMVAXiigK93jUymaavXeZEUl&#038;width=460&#038;show_text=true&#038;appId=2424319851126972&#038;height=681\" width=\"460\" height=\"681\" style=\"border:none;overflow:hidden\" scrolling=\"no\" frameborder=\"0\" allowfullscreen=\"true\" allow=\"autoplay; clipboard-write; encrypted-media; picture-in-picture; web-share\"><\/iframe><div class=\"gca-utility vertical-spacer\"><\/div><\/center><\/p>\n<p>Autor liter\u00e1rnej predlohy, prozaik Alfonz Bedn\u00e1r nast\u00fapil do&nbsp;filmov\u00e9ho \u0161t\u00fadia na&nbsp;bratislavskej Kolibe ako dramaturg a&nbsp;scen\u00e1rista len kr\u00e1tko pred nakr\u00facan\u00edm. <\/p>\n<p>Slnko v&nbsp;sieti malo po&nbsp;uveden\u00ed do&nbsp;k\u00edn pozit\u00edvny ohlas nielen u&nbsp;\u010dasti kritiky, ale svojou novou veristickou poetikou si postupne z\u00edskalo aj div\u00e1cku priaze\u0148. Film sa&nbsp;v\u0161ak nepozd\u00e1val komunistickej cenz\u00fare, ktor\u00e1 ho vn\u00edmala ako proti\u0161t\u00e1tny, sna\u017eiaci sa&nbsp;o\u010dierni\u0165 vtedaj\u0161\u00ed re\u017eim. <\/p>\n<p><a href=\"https:\/\/www.csfd.sk\/film\/28765-slnko-v-sieti\/prehlad\/\" rel=\"noopener\" target=\"_blank\">Lyrick\u00fd pr\u00edbeh<\/a> emocion\u00e1lneho dozrievania, nesmelej l\u00e1sky sa&nbsp;v\u010faka modernistickej r\u00e9\u017eii \u0160tefana Uhra a&nbsp;vizu\u00e1lnemu stv\u00e1rneniu <a href=\"https:\/\/sk.wikipedia.org\/wiki\/Stanislav_Szomol\u00e1nyi\" rel=\"noopener\" target=\"_blank\">Stanislava Szomol\u00e1nyiho<\/a> zap\u00ed\u0161e do&nbsp;dej\u00edn slovenskej kinematografie ako prelomov\u00e9 dielo a&nbsp;z\u00e1rove\u0148 aj ako bezprostredn\u00e9 svedectvo doby, v&nbsp;ktorej film vznikal.<\/p>\n<p>Pod\u013ea filmu pomenovala <a href=\"https:\/\/sfta.sk\/\" rel=\"noopener\" target=\"_blank\">Slovensk\u00e1 filmov\u00e1 a&nbsp;telev\u00edzna akad\u00e9mia<\/a> aj <a href=\"https:\/\/sk.wikipedia.org\/wiki\/Slnko_v_sieti_(cena)\" rel=\"noopener\" target=\"_blank\">v\u00fdro\u010dn\u00e9 ocenenie<\/a>, ktor\u00e9 od&nbsp;roku 2004 ude\u013euje za&nbsp;najlep\u0161ie filmov\u00e9 diela a&nbsp;tvoriv\u00e9 po\u010diny v&nbsp;oblasti dom\u00e1cej kinematografie.<\/p>\n<p>Ocenenia DVD Awards o&nbsp;najlep\u0161ie DVD a&nbsp;blu-ray vydania klasick\u00fdch filmov star\u0161\u00edch ako tridsa\u0165 rokov sa&nbsp;ka\u017edoro\u010dne ude\u013euj\u00fa po\u010das Eur\u00f3pskeho festivalu klasick\u00e9ho filmu Il Cinema Ritrovato v&nbsp;talianskej Bologni. <\/p>\n<p>S\u00fa\u010das\u0165ou ocenen\u00e9ho disku s\u00fa aj dva dobov\u00e9 kr\u00e1tkometr\u00e1\u017ene filmy <em><strong>Pozna\u010den\u00ed tmou<\/strong> (1959)<\/em> od&nbsp;\u0160tefana Uhra a&nbsp;<em><strong>Rozhovor<\/strong> (1963)<\/em> nakr\u00faten\u00fd <a href=\"https:\/\/sk.wikipedia.org\/wiki\/Otakar_Kriv\u00e1nek\" rel=\"noopener\" target=\"_blank\">Otakarom Kriv\u00e1nkom<\/a>. Booklet obsahuje inform\u00e1cie zo&nbsp;z\u00e1kulisia a&nbsp;\u0161t\u00fadie dramaturgi\u010dky Zuzany Gindl-Tat\u00e1rovej a&nbsp;filozofa Miroslava Marcelliho. Dop\u013a\u0148aj\u00fa ho <em>fotosky<\/em> <a href=\"https:\/\/sk.wikipedia.org\/wiki\/Zuzana_Min\u00e1\u010dov\u00e1\" rel=\"noopener\" target=\"_blank\">Zuzany Min\u00e1\u010dovej<\/a>. <\/p>\n<p style=\"text-align: right;\"><small>&mdash;&nbsp;<a href=\"http:\/\/www.sfu.sk\/\" target=\"_blank\" rel=\"noopener\">Slovensk\u00fd filmov\u00fd \u00fastav<\/a> a&nbsp;<a href=\"https:\/\/festival.ilcinemaritrovato.it\/en\/dvd-awards-i-vincitori\/\" target=\"_blank\" rel=\"noopener\">Il Cinema Ritrovato<\/a><\/small><\/p>\n<div class=\"gca-utility clearfix\"><\/div>\n<div class=\"gca-utility vertical-spacer\"><\/div>\n<p><center><span class=\"fullscreen\"><script type=\"text\/javascript\" src=\"\/\/partner.mrtns.eu\/banners\/banner.js?type=banner&#038;brand_id=1&#038;uItem=1769353&#038;size=full&#038;show_price=0&#038;color=orange&#038;z=WLGC7F\"><\/script><\/span><\/center><\/p>\n","protected":false},"excerpt":{"rendered":"<p>Blu-ray vydanie slovensk\u00e9ho filmu Slnko v&nbsp;sieti in\u0161pirovan\u00e9ho poviedkami Alfonza Bedn\u00e1ra uspelo na&nbsp;filmovom festivale Il Cinema Ritrovato v&nbsp;Bologni. Sn\u00edmka \u0160tefana Uhra z&nbsp;roku 1962, pova\u017eovan\u00e1 za&nbsp;prv\u00e9 dielo \u010ceskoslovenskej novej vlny uspela v&nbsp;kateg\u00f3ri\u00ed DVD Awards ako najlep\u0161\u00ed samostatne uveden\u00fd film. <a href=\"https:\/\/literarnenoviny.sk\/servis\/blu-ray-disk-s-adaptaciou-poviedok-alfonza-bednara-ocenili-na-festivale-v-bologni\/\" class=\"more-link\">Cel\u00e1 spr\u00e1va <span class=\"meta-nav\">&rarr;<\/span><\/a><\/p>\n","protected":false},"author":2,"featured_media":0,"comment_status":"closed","ping_status":"closed","sticky":false,"template":"","format":"standard","meta":{"_links_to":"","_links_to_target":""},"categories":[1],"tags":[15,16,21,51],"_links":{"self":[{"href":"https:\/\/literarnenoviny.sk\/servis\/wp-json\/wp\/v2\/posts\/23067"}],"collection":[{"href":"https:\/\/literarnenoviny.sk\/servis\/wp-json\/wp\/v2\/posts"}],"about":[{"href":"https:\/\/literarnenoviny.sk\/servis\/wp-json\/wp\/v2\/types\/post"}],"author":[{"embeddable":true,"href":"https:\/\/literarnenoviny.sk\/servis\/wp-json\/wp\/v2\/users\/2"}],"replies":[{"embeddable":true,"href":"https:\/\/literarnenoviny.sk\/servis\/wp-json\/wp\/v2\/comments?post=23067"}],"version-history":[{"count":0,"href":"https:\/\/literarnenoviny.sk\/servis\/wp-json\/wp\/v2\/posts\/23067\/revisions"}],"wp:attachment":[{"href":"https:\/\/literarnenoviny.sk\/servis\/wp-json\/wp\/v2\/media?parent=23067"}],"wp:term":[{"taxonomy":"category","embeddable":true,"href":"https:\/\/literarnenoviny.sk\/servis\/wp-json\/wp\/v2\/categories?post=23067"},{"taxonomy":"post_tag","embeddable":true,"href":"https:\/\/literarnenoviny.sk\/servis\/wp-json\/wp\/v2\/tags?post=23067"}],"curies":[{"name":"wp","href":"https:\/\/api.w.org\/{rel}","templated":true}]}}