{"id":23,"date":"2017-01-26T18:20:37","date_gmt":"2017-01-26T17:20:37","guid":{"rendered":"http:\/\/www.literarnenoviny.sk\/servis\/?p=23"},"modified":"2017-01-26T18:20:37","modified_gmt":"2017-01-26T17:20:37","slug":"knihkupectvo-v-centre-bratislavy-predavalo-kalendare-s-hajlujucim-jozefom-tisom","status":"publish","type":"post","link":"https:\/\/literarnenoviny.sk\/servis\/knihkupectvo-v-centre-bratislavy-predavalo-kalendare-s-hajlujucim-jozefom-tisom\/","title":{"rendered":"Kn\u00edhkupectvo v&nbsp;centre Bratislavy pred\u00e1valo kalend\u00e1re s&nbsp;hajluj\u00facim Jozefom Tisom"},"content":{"rendered":"<p>Kn\u00edhkupectvo v&nbsp;centre Bratislavy pred\u00e1valo kalend\u00e1re s&nbsp;hajluj\u00facim Jozefom Tisom<\/p>\n","protected":false},"excerpt":{"rendered":"<p>Kn\u00edhkupectvo v&nbsp;centre Bratislavy pred\u00e1valo kalend\u00e1re s&nbsp;hajluj\u00facim Jozefom Tisom <a href=\"https:\/\/literarnenoviny.sk\/servis\/knihkupectvo-v-centre-bratislavy-predavalo-kalendare-s-hajlujucim-jozefom-tisom\/\" class=\"more-link\">Cel\u00e1 spr\u00e1va <span class=\"meta-nav\">&rarr;<\/span><\/a><\/p>\n","protected":false},"author":2,"featured_media":0,"comment_status":"closed","ping_status":"open","sticky":false,"template":"","format":"standard","meta":{"_links_to":"","_links_to_target":""},"categories":[1],"tags":[5,12,8],"_links":{"self":[{"href":"https:\/\/literarnenoviny.sk\/servis\/wp-json\/wp\/v2\/posts\/23"}],"collection":[{"href":"https:\/\/literarnenoviny.sk\/servis\/wp-json\/wp\/v2\/posts"}],"about":[{"href":"https:\/\/literarnenoviny.sk\/servis\/wp-json\/wp\/v2\/types\/post"}],"author":[{"embeddable":true,"href":"https:\/\/literarnenoviny.sk\/servis\/wp-json\/wp\/v2\/users\/2"}],"replies":[{"embeddable":true,"href":"https:\/\/literarnenoviny.sk\/servis\/wp-json\/wp\/v2\/comments?post=23"}],"version-history":[{"count":0,"href":"https:\/\/literarnenoviny.sk\/servis\/wp-json\/wp\/v2\/posts\/23\/revisions"}],"wp:attachment":[{"href":"https:\/\/literarnenoviny.sk\/servis\/wp-json\/wp\/v2\/media?parent=23"}],"wp:term":[{"taxonomy":"category","embeddable":true,"href":"https:\/\/literarnenoviny.sk\/servis\/wp-json\/wp\/v2\/categories?post=23"},{"taxonomy":"post_tag","embeddable":true,"href":"https:\/\/literarnenoviny.sk\/servis\/wp-json\/wp\/v2\/tags?post=23"}],"curies":[{"name":"wp","href":"https:\/\/api.w.org\/{rel}","templated":true}]}}