{"id":2288,"date":"2018-03-15T18:00:54","date_gmt":"2018-03-15T17:00:54","guid":{"rendered":"https:\/\/literarnenoviny.sk\/servis\/?p=2288"},"modified":"2018-03-16T14:10:20","modified_gmt":"2018-03-16T13:10:20","slug":"bratislavske-knihkupectva-zatvoria-svoje-predajne-a-podporia-verejne-protesty","status":"publish","type":"post","link":"https:\/\/literarnenoviny.sk\/servis\/bratislavske-knihkupectva-zatvoria-svoje-predajne-a-podporia-verejne-protesty\/","title":{"rendered":"Bratislavsk\u00e9 kn\u00edhkupectv\u00e1 zatvoria svoje predajne a&nbsp;podporia verejn\u00e9 protesty"},"content":{"rendered":"<p><strong>Zn\u00e1me bratislavsk\u00e9 kn\u00edhkupectv\u00e1 <a href=\"https:\/\/www.facebook.com\/KnihkupectvoArtforum\/\" rel=\"noopener\" target=\"_blank\">Artforum<\/a> a&nbsp;<a href=\"https:\/\/www.facebook.com\/Martinus.sk\/\" rel=\"noopener\" target=\"_blank\">Martinus<\/a> v&nbsp;piatok zatvoria predajne a&nbsp;podporia ob\u010dianske protesty<\/strong>. Umo\u017enia tak svojim zamestnanom vyjadri\u0165 prostredn\u00edctvom verejn\u00fdch zhroma\u017eden\u00ed <a href=\"https:\/\/literarnenoviny.sk\/servis\/slovensko-vyjde-opat-do-ulic-a-na-namestia-a-bude-pozadovat-demisiu-vlady\/\">Za slu\u0161n\u00e9 Slovensko<\/a> svoj postoj k&nbsp;aktu\u00e1lnemu dianiu v&nbsp;krajine.<\/p>\n<p>V \u00fastrety div\u00e1kom a&nbsp;film\u00e1rom, ktor\u00ed sa&nbsp;rozhodn\u00fa z\u00fa\u010dastni\u0165 na&nbsp;piatkovom pochode, sa&nbsp;rozhodol vyjs\u0165 aj <a href=\"https:\/\/www.facebook.com\/Febiofest.sk\/photos\/a.185881044787470.36684.185118821530359\/1948358458539711\/\" rel=\"noopener\" target=\"_blank\">organiza\u010dn\u00fd t\u00edm Febiofestu<\/a> a&nbsp;presunul za\u010diatok pl\u00e1novanej projekcie na&nbsp;neskor\u0161\u00ed term\u00edn.<\/p>\n<p>Zhroma\u017edenia podpor\u00ed aj <a href=\"https:\/\/www.facebook.com\/photo.php?fbid=10213877638809392&#038;set=a.1336923437418.47084.1661079023\" rel=\"noopener\" target=\"_blank\">maloobchodn\u00fd re\u0165azec Nay<\/a>, ktor\u00fd taktie\u017e zatvor\u00ed svoje predajne, ak na&nbsp;ne bude chcie\u0165 \u00eds\u0165 v\u00e4\u010d\u0161ina zamestnancov.<\/p>\n","protected":false},"excerpt":{"rendered":"<p>Zn\u00e1me bratislavsk\u00e9 kn\u00edhkupectva Artforum a&nbsp;Martinus v&nbsp;piatok zatvoria predajne a&nbsp;podporia ob\u010dianske protesty. Umo\u017enia tak svojim zamestnanom vyjadri\u0165 prostredn\u00edctvom verejn\u00fdch zhroma\u017eden\u00ed Za&nbsp;slu\u0161n\u00e9 Slovensko svoj n\u00e1zor na&nbsp;aktu\u00e1lnu spolo\u010densk\u00fa situ\u00e1ciu. <a href=\"https:\/\/literarnenoviny.sk\/servis\/bratislavske-knihkupectva-zatvoria-svoje-predajne-a-podporia-verejne-protesty\/\" class=\"more-link\">Cel\u00e1 spr\u00e1va <span class=\"meta-nav\">&rarr;<\/span><\/a><\/p>\n","protected":false},"author":2,"featured_media":0,"comment_status":"closed","ping_status":"closed","sticky":false,"template":"","format":"standard","meta":{"_links_to":"","_links_to_target":""},"categories":[1],"tags":[12,3,23],"_links":{"self":[{"href":"https:\/\/literarnenoviny.sk\/servis\/wp-json\/wp\/v2\/posts\/2288"}],"collection":[{"href":"https:\/\/literarnenoviny.sk\/servis\/wp-json\/wp\/v2\/posts"}],"about":[{"href":"https:\/\/literarnenoviny.sk\/servis\/wp-json\/wp\/v2\/types\/post"}],"author":[{"embeddable":true,"href":"https:\/\/literarnenoviny.sk\/servis\/wp-json\/wp\/v2\/users\/2"}],"replies":[{"embeddable":true,"href":"https:\/\/literarnenoviny.sk\/servis\/wp-json\/wp\/v2\/comments?post=2288"}],"version-history":[{"count":0,"href":"https:\/\/literarnenoviny.sk\/servis\/wp-json\/wp\/v2\/posts\/2288\/revisions"}],"wp:attachment":[{"href":"https:\/\/literarnenoviny.sk\/servis\/wp-json\/wp\/v2\/media?parent=2288"}],"wp:term":[{"taxonomy":"category","embeddable":true,"href":"https:\/\/literarnenoviny.sk\/servis\/wp-json\/wp\/v2\/categories?post=2288"},{"taxonomy":"post_tag","embeddable":true,"href":"https:\/\/literarnenoviny.sk\/servis\/wp-json\/wp\/v2\/tags?post=2288"}],"curies":[{"name":"wp","href":"https:\/\/api.w.org\/{rel}","templated":true}]}}