{"id":22763,"date":"2023-05-11T19:00:25","date_gmt":"2023-05-11T17:00:25","guid":{"rendered":"https:\/\/literarnenoviny.sk\/servis\/?p=22763"},"modified":"2023-05-12T20:58:37","modified_gmt":"2023-05-12T18:58:37","slug":"ceska-vlada-predstavila-konsolidacny-balicek-prinesie-nulovu-sadzbu-dph-na-knihy","status":"publish","type":"post","link":"https:\/\/literarnenoviny.sk\/servis\/ceska-vlada-predstavila-konsolidacny-balicek-prinesie-nulovu-sadzbu-dph-na-knihy\/","title":{"rendered":"\u010ceska vl\u00e1da predstavila konsolida\u010dn\u00fd bal\u00ed\u010dek, prinesie nulov\u00fa sadzbu DPH na&nbsp;knihy"},"content":{"rendered":"<p><strong>\u010cesk\u00ed vydavatelia v\u00edtaj\u00fa <a href=\"https:\/\/denikn.cz\/minuta\/1144255\/\" rel=\"noopener\" target=\"_blank\">nulov\u00fa sadzbu DPH na&nbsp;knihy<\/a>, ktor\u00e1 je&nbsp;s\u00fa\u010das\u0165ou pripravovan\u00e9ho vl\u00e1dneho ekonomick\u00e9ho konsolida\u010dn\u00e9ho bal\u00ed\u010dka<\/strong>. Do&nbsp;platnosti by mal vst\u00fapi\u0165 za\u010diatkom bud\u00faceho roka. Nulov\u00fa da\u0148 na&nbsp;knihy v&nbsp;Eur\u00f3pe v&nbsp;s\u00fa\u010dasnosti uplat\u0148uje \u00cdrsko, N\u00f3rsko a&nbsp;Spojen\u00e9 kr\u00e1\u013eovstvo.<\/p>\n<p><a href=\"https:\/\/www.internationalpublishers.org\/\" rel=\"noopener\" target=\"_blank\">Medzin\u00e1rodn\u00e1 vydavate\u013esk\u00e1 asoci\u00e1cia<\/a> uv\u00e1dza <em>\u201e\u017ee oslobodenie kn\u00edh od&nbsp;dane prin\u00e1\u0161a rozsiahle strednodob\u00e9 a&nbsp;dlhodob\u00e9 soci\u00e1lne, kult\u00farne a&nbsp;ekonomick\u00e9 v\u00fdhody\u201c<\/em>.<\/p>\n<p><center><div class=\"gca-utility vertical-spacer\"><\/div>\n<blockquote class=\"twitter-tweet\">\n<p lang=\"cs\" dir=\"ltr\">Nulov\u00e1 sazba DPH na&nbsp;knihy je&nbsp;v\u00fdbornou zpr\u00e1vou pro v\u0161echny jejich milovn\u00edky, profesion\u00e1ly i&nbsp;\u010dten\u00e1\u0159e. Je&nbsp;sou\u010d\u00e1st\u00ed konsolida\u010dn\u00edho bal\u00ed\u010dku, kter\u00fd dnes na\u0161e vl\u00e1da p\u0159edstavuje. Kulturu, vzd\u011blanost a&nbsp;vzd\u011bl\u00e1v\u00e1n\u00ed bereme v\u00e1\u017en\u011b. <a href=\"https:\/\/t.co\/89SWj1DXTz\">pic.twitter.com\/89SWj1DXTz<\/a><\/p>\n<p>&mdash; Martin Baxa (@MartinBaxa2) <a href=\"https:\/\/twitter.com\/MartinBaxa2\/status\/1656615198440947712?ref_src=twsrc%5Etfw\">May 11, 2023<\/a><\/p><\/blockquote>\n<p> <script async src=\"https:\/\/platform.twitter.com\/widgets.js\" charset=\"utf-8\"><\/script><div class=\"gca-utility vertical-spacer\"><\/div><\/center><\/p>\n<p><em>\u201eSn\u00ed\u017een\u00ed DPH v\u00edt\u00e1me, jsme r\u00e1di zejm\u00e9na za&nbsp;na\u0161e \u010dten\u00e1\u0159e, nebudeme toti\u017e muset navzdory infla\u010dn\u00edm tlak\u016fm pl\u00e1novan\u00e9 kni\u017en\u00ed novinky d\u00e1le zdra\u017eovat,\u201c<\/em> vyjadril sa&nbsp;riadite\u013e vydavate\u013estva Host Tom\u00e1\u0161 Reichel.<\/p>\n<p><em>\u201eTak, jak se v&nbsp;posledn\u00edch m\u011bs\u00edc\u00edch zvy\u0161ovaly n\u00e1klady na&nbsp;tisk knih, jejich dopravu, energie nebo mzdy, museli jsme tohle v\u0161echno prom\u00edtnout do&nbsp;ceny jednotliv\u00fdch titul\u016f, kterou zaplatil koncov\u00fd z\u00e1kazn\u00edk, jakkoli jsme se sna\u017eili \u010d\u00e1st n\u00e1klad\u016f kompenzovat na&nbsp;na\u0161\u00ed stran\u011b,\u201c<\/em> dodal Reichel.<\/p>\n<p>Navrhovan\u00fa legislat\u00edvnu zmenu kvituje aj \u010desk\u00fd minister kult\u00fary Martin Baxa. <em>\u201eNulov\u00e1 sazba DPH na&nbsp;knihy je&nbsp;v\u00fdbornou zpr\u00e1vou pro v\u0161echny jejich milovn\u00edky \u2013 profesion\u00e1ly i&nbsp;\u010dten\u00e1\u0159e,\u201c<\/em> uviedol. <\/p>\n<p><em>\u201e\u010cesk\u00e1 republika je&nbsp;zem\u00ed s&nbsp;bohatou kni\u017en\u00ed tradic\u00ed a&nbsp;tak\u00e9 zem\u00ed \u010dten\u00e1\u0159\u016f. Jsem velmi r\u00e1d, \u017ee&nbsp;se do&nbsp;konsolida\u010dn\u00edho bal\u00ed\u010dku nulovou sazbu DPH na&nbsp;knihy poda\u0159ilo po&nbsp;mnoh\u00fdch jedn\u00e1n\u00edch prosadit,\u201c<\/em> poznamenal \u010desk\u00fd minister kult\u00fary.<\/p>\n<p style=\"text-align: right;\"><small>&mdash;&nbsp;<a href=\"https:\/\/www.mkcr.cz\/\" target=\"_blank\" rel=\"noopener\">Ministerstvo kultury \u010cR<\/a> a&nbsp;<a href=\"https:\/\/denikn.cz\/minuta\/1144255\/\" target=\"_blank\" rel=\"noopener\">Den\u00edk N<\/a><\/small><\/p>\n<div class=\"gca-utility clearfix\"><\/div>\n<div class=\"gca-utility vertical-spacer\"><\/div>\n<p><center><span class=\"fullscreen\"><a href=\"\/\/www.martinus.sk\/?z=WLGC7F&#038;utm_source=z%3DWLGC7F&#038;utm_medium=banner1_468x60&#038;utm_campaign=partner\"><img decoding=\"async\" src=\"\/\/www.martinus.sk\/images\/banners\/468x60_red.jpg\" alt=\"www.martinus.sk\" \/><\/a><\/span><\/center><\/p>\n","protected":false},"excerpt":{"rendered":"<p>\u010cesk\u00ed vydavatelia v\u00edtaj\u00fa nulov\u00fa sadzbu DPH na&nbsp;knihy, ktor\u00e1 je&nbsp;s\u00fa\u010das\u0165ou pripravovan\u00e9ho vl\u00e1dneho ekonomick\u00e9ho konsolida\u010dn\u00e9ho bal\u00ed\u010dka. Do&nbsp;platnosti by mal vst\u00fapi\u0165 za\u010diatkom bud\u00faceho roka. Nulov\u00fa da\u0148 na&nbsp;knihy v&nbsp;Eur\u00f3pe v&nbsp;s\u00fa\u010dasnosti uplat\u0148uje \u00cdrsko, N\u00f3rsko a&nbsp;Spojen\u00e9 kr\u00e1\u013eovstvo. <a href=\"https:\/\/literarnenoviny.sk\/servis\/ceska-vlada-predstavila-konsolidacny-balicek-prinesie-nulovu-sadzbu-dph-na-knihy\/\" class=\"more-link\">Cel\u00e1 spr\u00e1va <span class=\"meta-nav\">&rarr;<\/span><\/a><\/p>\n","protected":false},"author":2,"featured_media":0,"comment_status":"closed","ping_status":"closed","sticky":false,"template":"","format":"standard","meta":{"_links_to":"","_links_to_target":""},"categories":[1],"tags":[12,109,8,34],"_links":{"self":[{"href":"https:\/\/literarnenoviny.sk\/servis\/wp-json\/wp\/v2\/posts\/22763"}],"collection":[{"href":"https:\/\/literarnenoviny.sk\/servis\/wp-json\/wp\/v2\/posts"}],"about":[{"href":"https:\/\/literarnenoviny.sk\/servis\/wp-json\/wp\/v2\/types\/post"}],"author":[{"embeddable":true,"href":"https:\/\/literarnenoviny.sk\/servis\/wp-json\/wp\/v2\/users\/2"}],"replies":[{"embeddable":true,"href":"https:\/\/literarnenoviny.sk\/servis\/wp-json\/wp\/v2\/comments?post=22763"}],"version-history":[{"count":0,"href":"https:\/\/literarnenoviny.sk\/servis\/wp-json\/wp\/v2\/posts\/22763\/revisions"}],"wp:attachment":[{"href":"https:\/\/literarnenoviny.sk\/servis\/wp-json\/wp\/v2\/media?parent=22763"}],"wp:term":[{"taxonomy":"category","embeddable":true,"href":"https:\/\/literarnenoviny.sk\/servis\/wp-json\/wp\/v2\/categories?post=22763"},{"taxonomy":"post_tag","embeddable":true,"href":"https:\/\/literarnenoviny.sk\/servis\/wp-json\/wp\/v2\/tags?post=22763"}],"curies":[{"name":"wp","href":"https:\/\/api.w.org\/{rel}","templated":true}]}}