{"id":22717,"date":"2023-05-04T10:43:40","date_gmt":"2023-05-04T08:43:40","guid":{"rendered":"https:\/\/literarnenoviny.sk\/servis\/?p=22717"},"modified":"2023-05-18T00:14:11","modified_gmt":"2023-05-17T22:14:11","slug":"buduci-rok-vyjde-posledny-a-doposial-nepublikovany-roman-gabriela-garciu-marqueza","status":"publish","type":"post","link":"https:\/\/literarnenoviny.sk\/servis\/buduci-rok-vyjde-posledny-a-doposial-nepublikovany-roman-gabriela-garciu-marqueza\/","title":{"rendered":"Bud\u00faci rok vyjde doposia\u013e nepublikovan\u00fd rom\u00e1n Gabriela Garc\u00edu M\u00e1rqueza"},"content":{"rendered":"<p><strong>Desa\u0165 rokov po&nbsp;smrti kolumbijsk\u00e9ho spisovate\u013ea <a href=\"https:\/\/sk.wikipedia.org\/wiki\/Gabriel_Garc\u00eda_M\u00e1rquez\" rel=\"noopener\" target=\"_blank\">Gabriela Garc\u00edu M\u00e1rqueza<\/a> vyjde jeho posledn\u00fd rom\u00e1n <em>Uvid\u00edme sa&nbsp;v&nbsp;auguste<\/em><\/strong><em> (En agosto nos vemos).<\/em> Vydanie doposia\u013e nepublikovan\u00e9ho diela nosite\u013ea Nobelovej ceny za&nbsp;literat\u00faru \u010dakalo na&nbsp;s\u00fahlas jeho dedi\u010dov. Informovali o&nbsp;tom \u0161panielskojazy\u010dn\u00e9 m\u00e9di\u00e1.<\/p>\n<p>Pod\u013ea denn\u00edka <a href=\"https:\/\/elpais.com\/cultura\/2023-04-28\/una-novela-inedita-de-garcia-marquez-vera-la-luz-en-2024.html\" rel=\"noopener\" target=\"_blank\">El Pa\u00eds<\/a> m\u00e1 rukopis pribli\u017ene 150 str\u00e1n a&nbsp;nie je&nbsp;\u00faplne dokon\u010den\u00fd. M\u00e1rquez na&nbsp;\u0148om za\u010dal pracova\u0165 dlho pred svojou smr\u0165ou a&nbsp;st\u00e1le ho prepisoval. <\/p>\n<p><center><div class=\"gca-utility vertical-spacer\"><\/div>\n<blockquote class=\"twitter-tweet\">\n<p lang=\"es\" dir=\"ltr\">Los herederos han decidido publicar \u2018En agosto nos vemos\u2019, una historia que se le&nbsp;atragant\u00f3 al Nobel y que dej\u00f3 en 150 p\u00e1ginas <a href=\"https:\/\/t.co\/dOvNz8jMta\">https:\/\/t.co\/dOvNz8jMta<\/a><\/p>\n<p>&mdash; El Pa\u00eds Cultura (@elpais_cultura) <a href=\"https:\/\/twitter.com\/elpais_cultura\/status\/1651926966067515393?ref_src=twsrc%5Etfw\">April 28, 2023<\/a><\/p><\/blockquote>\n<p> <script async src=\"https:\/\/platform.twitter.com\/widgets.js\" charset=\"utf-8\"><\/script><div class=\"gca-utility vertical-spacer\"><\/div><\/center><\/p>\n<p>M\u00e1rquezovo domovsk\u00e9 vydavate\u013estvo <a href=\"https:\/\/www.penguinrandomhouse.com\/\" rel=\"noopener\" target=\"_blank\">Penguin Random House<\/a> vyd\u00e1 rom\u00e1n na&nbsp;jar bud\u00faceho roku vo&nbsp;v\u0161etk\u00fdch \u0161panielsky hovoriacich krajin\u00e1ch okrem Mexika. Riadite\u013eka div\u00edzie kr\u00e1snej literat\u00fary Pilar Reyesov\u00e1 o\u010dak\u00e1va, \u017ee&nbsp;vydanie posledn\u00e9ho ucelen\u00e9ho spisovate\u013eovho textu bude pre&nbsp;\u010ditate\u013eov na&nbsp;celom svete ve\u013ekou udalos\u0165ou.<\/p>\n<p>Rom\u00e1n <strong><em>Uvid\u00edme sa&nbsp;v&nbsp;auguste<\/em><\/strong> tvor\u00ed p\u00e4\u0165 samostatn\u00fdch pr\u00edbehov, spojen\u00fdch do&nbsp;jednotn\u00e9ho celku. Jeho hlavnou hrdinkou je&nbsp;Ana Magdalena Bachov\u00e1, kultivovan\u00e1 a&nbsp;st\u00e1le kr\u00e1sna \u017eena na&nbsp;prahu staroby, ktor\u00e1 v\u017edy 16.&nbsp;augusta cestuje do&nbsp;meste\u010dka, kde je&nbsp;na&nbsp;cintor\u00edne chudobn\u00fdch pochovan\u00e1 jej matka, aby jej porozpr\u00e1vala o&nbsp;svojich tajn\u00fdch mimoman\u017eelsk\u00fdch vz\u0165ahoch.<\/p>\n<p>Jeden z\u00a0pr\u00edbehov nazvan\u00fd <em><strong><a href=\"https:\/\/elpais.com\/diario\/2003\/05\/25\/domingo\/1053830787_850215.html\" rel=\"noopener\" target=\"_blank\">La noche del eclipse<\/a><\/strong><\/em> u\u017e&nbsp;na&nbsp;svojich str\u00e1nkach publikoval denn\u00edk El Pa\u00eds v&nbsp;roku 2003.<\/p>\n<p>Gabriel Garc\u00eda M\u00e1rquez je&nbsp;pova\u017eovan\u00fd za&nbsp;naj\u010d\u00edtanej\u0161ieho autora 20.&nbsp;storo\u010dia p\u00ed\u0161uceho po&nbsp;\u0161panielsky. Presl\u00e1vil ho najm\u00e4 rom\u00e1n <strong><em><a href=\"https:\/\/www.martinus.sk\/?uItem=279373&#038;z=WLGC7F&#038;utm_source=z%3DWLGC7F&#038;utm_medium=url&#038;utm_campaign=partner\" rel=\"noopener\" target=\"_blank\">Sto rokov samoty<\/a><\/em><\/strong><em> (Cien a\u00f1os de&nbsp;soledad)<\/em> z&nbsp;roku 1967, ktor\u00e9ho predaj prekro\u010dil hranicu 30 mili\u00f3nov v\u00fdtla\u010dkov.<\/p>\n<p>Zn\u00e1me s\u00fa aj jeho dal\u0161ie tituly ako <strong><em><a href=\"https:\/\/www.martinus.sk\/?uItem=66414&#038;z=WLGC7F&#038;utm_source=z%3DWLGC7F&#038;utm_medium=url&#038;utm_campaign=partner\" rel=\"noopener\" target=\"_blank\">Patriarchova jese\u0148<\/a><\/em><\/strong><em> (El oto\u00f1o del patriarca, 1975),<\/em> <strong><em><a href=\"https:\/\/www.martinus.sk\/?uItem=266322&#038;z=WLGC7F&#038;utm_source=z%3DWLGC7F&#038;utm_medium=url&#038;utm_campaign=partner\" rel=\"noopener\" target=\"_blank\">Kronika vopred ohl\u00e1senej smrti<\/a><\/em><\/strong><em> (Cr\u00f3nica de&nbsp;una muerte anunciada, 1981)<\/em>, <strong><em><a href=\"https:\/\/www.martinus.sk\/?uItem=38513&#038;z=WLGC7F&#038;utm_source=z%3DWLGC7F&#038;utm_medium=url&#038;utm_campaign=partner\" rel=\"noopener\" target=\"_blank\">L\u00e1ska v&nbsp;\u010dase cholery<\/a><\/em><\/strong><em> (El amor en los tiempos del c\u00f3lera, 1985)<\/em> \u010di&nbsp;<strong><em><a href=\"https:\/\/www.martinus.sk\/?uItem=45611&#038;z=WLGC7F&#038;utm_source=z%3DWLGC7F&#038;utm_medium=url&#038;utm_campaign=partner\" rel=\"noopener\" target=\"_blank\">Gener\u00e1l v&nbsp;labyrinte<\/a><\/em><\/strong><em> (El general en su laberinto, 1989).<\/em><\/p>\n<p>Posledn\u00fd rom\u00e1n <strong><em><a href=\"https:\/\/www.martinus.sk\/?uItem=21120&#038;z=WLGC7F&#038;utm_source=z%3DWLGC7F&#038;utm_medium=url&#038;utm_campaign=partner\" rel=\"noopener\" target=\"_blank\">Spomienka na&nbsp;moje smutn\u00e9 pobehlice<\/a><\/em><\/strong><em> (Memoria de&nbsp;mis putas tristes)<\/em> vydal roku 2004.<\/p>\n<p style=\"text-align: right;\"><small>&mdash;&nbsp;<a href=\"https:\/\/elpais.com\/cultura\/2023-04-28\/una-novela-inedita-de-garcia-marquez-vera-la-luz-en-2024.html\" target=\"_blank\" rel=\"noopener\">El Pa\u00eds<\/a><\/small><\/p>\n<div class=\"gca-utility clearfix\"><\/div>\n<div class=\"gca-utility vertical-spacer\"><\/div>\n<p><center><span class=\"fullscreen\"><script type=\"text\/javascript\" src=\"\/\/partner.mrtns.eu\/banners\/banner.js?type=banner&#038;brand_id=1&#038;uItem=279373&#038;size=full&#038;show_price=0&#038;color=orange&#038;z=WLGC7F\"><\/script><\/span><\/center><\/p>\n","protected":false},"excerpt":{"rendered":"<p>Desa\u0165 rokov po&nbsp;smrti kolumbijsk\u00e9ho spisovate\u013ea Gabriela Garc\u00edu M\u00e1rqueza vyjde jeho posledn\u00fd rom\u00e1n Uvid\u00edme sa&nbsp;v&nbsp;auguste. Vydanie doposia\u013e nepublikovan\u00e9ho diela nosite\u013ea Nobelovej ceny za&nbsp;literat\u00faru \u010dakalo na&nbsp;s\u00fahlas jeho dedi\u010dov. Informovali o&nbsp;tom \u0161panielskojazy\u010dn\u00e9 m\u00e9di\u00e1. <a href=\"https:\/\/literarnenoviny.sk\/servis\/buduci-rok-vyjde-posledny-a-doposial-nepublikovany-roman-gabriela-garciu-marqueza\/\" class=\"more-link\">Cel\u00e1 spr\u00e1va <span class=\"meta-nav\">&rarr;<\/span><\/a><\/p>\n","protected":false},"author":2,"featured_media":0,"comment_status":"closed","ping_status":"closed","sticky":false,"template":"","format":"standard","meta":{"_links_to":"","_links_to_target":""},"categories":[1],"tags":[14,3,34],"_links":{"self":[{"href":"https:\/\/literarnenoviny.sk\/servis\/wp-json\/wp\/v2\/posts\/22717"}],"collection":[{"href":"https:\/\/literarnenoviny.sk\/servis\/wp-json\/wp\/v2\/posts"}],"about":[{"href":"https:\/\/literarnenoviny.sk\/servis\/wp-json\/wp\/v2\/types\/post"}],"author":[{"embeddable":true,"href":"https:\/\/literarnenoviny.sk\/servis\/wp-json\/wp\/v2\/users\/2"}],"replies":[{"embeddable":true,"href":"https:\/\/literarnenoviny.sk\/servis\/wp-json\/wp\/v2\/comments?post=22717"}],"version-history":[{"count":0,"href":"https:\/\/literarnenoviny.sk\/servis\/wp-json\/wp\/v2\/posts\/22717\/revisions"}],"wp:attachment":[{"href":"https:\/\/literarnenoviny.sk\/servis\/wp-json\/wp\/v2\/media?parent=22717"}],"wp:term":[{"taxonomy":"category","embeddable":true,"href":"https:\/\/literarnenoviny.sk\/servis\/wp-json\/wp\/v2\/categories?post=22717"},{"taxonomy":"post_tag","embeddable":true,"href":"https:\/\/literarnenoviny.sk\/servis\/wp-json\/wp\/v2\/tags?post=22717"}],"curies":[{"name":"wp","href":"https:\/\/api.w.org\/{rel}","templated":true}]}}