{"id":2257,"date":"2018-03-15T08:00:26","date_gmt":"2018-03-15T07:00:26","guid":{"rendered":"https:\/\/literarnenoviny.sk\/servis\/?p=2257"},"modified":"2018-03-15T18:27:50","modified_gmt":"2018-03-15T17:27:50","slug":"slovensko-vyjde-opat-do-ulic-a-na-namestia-a-bude-pozadovat-demisiu-vlady","status":"publish","type":"post","link":"https:\/\/literarnenoviny.sk\/servis\/slovensko-vyjde-opat-do-ulic-a-na-namestia-a-bude-pozadovat-demisiu-vlady\/","title":{"rendered":"Slovensko vyjde op\u00e4\u0165 do&nbsp;ul\u00edc a&nbsp;bude po\u017eadova\u0165 pred\u010dasn\u00e9 vo\u013eby"},"content":{"rendered":"<p><strong>Slovensko vyjde zajtra op\u00e4\u0165 <a href=\"https:\/\/www.facebook.com\/events\/1228277123941319\/\" rel=\"noopener\" target=\"_blank\">do ul\u00edc a&nbsp;na&nbsp;n\u00e1mestia<\/a> a&nbsp;bude po\u017eadova\u0165 pred\u010dasn\u00e9 vo\u013eby<\/strong>. <em>\u201ePreto\u017ee je&nbsp;legit\u00edmnou po\u017eiadavkou ob\u010dianskej verejnosti, aby sme \u017eili v&nbsp;krajine, kde korupcia nie je&nbsp;\u0161tandardom. Kde vo&nbsp;vl\u00e1dnych kruhoch neexistuje prepojenie na&nbsp;organizovan\u00fd zlo\u010din.,\u201c<\/em> odkazuj\u00fa organiz\u00e1tori verejn\u00fdch ob\u010dianskych zhroma\u017eden\u00ed.<\/p>\n<p><em>\u201eZ tohto d\u00f4vodu pokra\u010dujeme v&nbsp;ob\u010dianskych zhroma\u017edeniach a&nbsp;vyz\u00fdvame v\u0161etk\u00fdch ob\u010danov, aby sa&nbsp;k&nbsp;n\u00e1m pridali a&nbsp;vytrvali.\u201c<\/em><\/p>\n<p><center><iframe loading=\"lazy\" src=\"https:\/\/www.facebook.com\/plugins\/video.php?href=https%3A%2F%2Fwww.facebook.com%2Fzaslusneslovensko%2Fvideos%2F178583426270373%2F&#038;show_text=0&#038;width=560\" width=\"560\" height=\"315\" style=\"border:none;overflow:hidden\" scrolling=\"no\" frameborder=\"0\" allowTransparency=\"true\" allowFullScreen=\"true\"><\/iframe><\/center><\/p>\n<p><em>\u201eMy mlad\u00ed \u013eudia, ktor\u00ed sa&nbsp;narodili v&nbsp;obdob\u00ed Ne\u017enej revol\u00facie, vyz\u00fdvame V\u00e1s v\u0161etk\u00fdch &#8211; \u0161tudentov, vysok\u00e9 \u0161koly, pracuj\u00facich, podnikate\u013eov, aby ste sa&nbsp;k&nbsp;n\u00e1m pridali.<\/p>\n<p>Rovnako vyz\u00fdvame v\u0161etk\u00fdch ob\u010danov, aby sa&nbsp;zap\u00e1jali do&nbsp;verejn\u00e9ho \u017eivota, aby sme spolu za\u010dali akt\u00edvne formova\u0165 v\u00edziu slu\u0161n\u00e9ho Slovenska. Uk\u00e1\u017eme, \u017ee&nbsp;ob\u010dianska verejnos\u0165 chce dobre spravovan\u00fa krajinu a&nbsp;je&nbsp;ochotn\u00e1 sa&nbsp;za&nbsp;\u0148u postavi\u0165.\u201c<\/em><\/p>\n<p><em>\u201eDokon\u010d\u00edme to, \u010do&nbsp;za\u010dali na\u0161i rodi\u010dia v&nbsp;Novembri 1989. Postavme sa&nbsp;za&nbsp;slu\u0161n\u00e9 Slovensko a&nbsp;nevzd\u00e1vajme sa,\u201c<\/em> uv\u00e1dzaj\u00fa na&nbsp;<a href=\"https:\/\/zaslusneslovensko.sk\/\" rel=\"noopener\" target=\"_blank\">internetovej str\u00e1nke iniciat\u00edvy<\/a> aj na&nbsp;jej <a href=\"https:\/\/www.facebook.com\/zaslusneslovensko\/\" rel=\"noopener\" target=\"_blank\">facebookovom profile<\/a>.<\/p>\n<p><em>(Spr\u00e1va je&nbsp;aktualizovan\u00e1)<\/em><\/p>\n<p style=\"text-align: right;\"><small><a href=\"https:\/\/www.facebook.com\/events\/1228277123941319\/\" target=\"_blank\" rel=\"noopener\">Za slu\u0161n\u00e9 Slovensko<\/a><\/small><\/p>\n","protected":false},"excerpt":{"rendered":"<p>Slovensko vyjde op\u00e4\u0165 do&nbsp;ul\u00edc a&nbsp;na&nbsp;n\u00e1mestia a&nbsp;bude po\u017eadova\u0165 pred\u010dasn\u00e9 vo\u013eby. Je&nbsp;legit\u00edmnou po\u017eiadavkou ob\u010dianskej verejnosti, aby sme \u017eili v&nbsp;krajine, kde korupcia nie je&nbsp;\u0161tandardom a&nbsp;kde vo&nbsp;vl\u00e1dnych kruhoch neexistuje prepojenie na&nbsp;organizovan\u00fd zlo\u010din, odkazuj\u00fa organiz\u00e1tori ob\u010dianskych zhroma\u017eden\u00ed. <a href=\"https:\/\/literarnenoviny.sk\/servis\/slovensko-vyjde-opat-do-ulic-a-na-namestia-a-bude-pozadovat-demisiu-vlady\/\" class=\"more-link\">Cel\u00e1 spr\u00e1va <span class=\"meta-nav\">&rarr;<\/span><\/a><\/p>\n","protected":false},"author":2,"featured_media":0,"comment_status":"closed","ping_status":"closed","sticky":false,"template":"","format":"standard","meta":{"_links_to":"","_links_to_target":""},"categories":[1],"tags":[3,23],"_links":{"self":[{"href":"https:\/\/literarnenoviny.sk\/servis\/wp-json\/wp\/v2\/posts\/2257"}],"collection":[{"href":"https:\/\/literarnenoviny.sk\/servis\/wp-json\/wp\/v2\/posts"}],"about":[{"href":"https:\/\/literarnenoviny.sk\/servis\/wp-json\/wp\/v2\/types\/post"}],"author":[{"embeddable":true,"href":"https:\/\/literarnenoviny.sk\/servis\/wp-json\/wp\/v2\/users\/2"}],"replies":[{"embeddable":true,"href":"https:\/\/literarnenoviny.sk\/servis\/wp-json\/wp\/v2\/comments?post=2257"}],"version-history":[{"count":0,"href":"https:\/\/literarnenoviny.sk\/servis\/wp-json\/wp\/v2\/posts\/2257\/revisions"}],"wp:attachment":[{"href":"https:\/\/literarnenoviny.sk\/servis\/wp-json\/wp\/v2\/media?parent=2257"}],"wp:term":[{"taxonomy":"category","embeddable":true,"href":"https:\/\/literarnenoviny.sk\/servis\/wp-json\/wp\/v2\/categories?post=2257"},{"taxonomy":"post_tag","embeddable":true,"href":"https:\/\/literarnenoviny.sk\/servis\/wp-json\/wp\/v2\/tags?post=2257"}],"curies":[{"name":"wp","href":"https:\/\/api.w.org\/{rel}","templated":true}]}}