{"id":22537,"date":"2023-03-20T20:00:51","date_gmt":"2023-03-20T19:00:51","guid":{"rendered":"https:\/\/literarnenoviny.sk\/servis\/?p=22537"},"modified":"2023-05-03T23:00:32","modified_gmt":"2023-05-03T21:00:32","slug":"nicivy-poziar-v-banskej-stiavnici-zasiahol-aj-priestory-znameho-antikvariatiku","status":"publish","type":"post","link":"https:\/\/literarnenoviny.sk\/servis\/nicivy-poziar-v-banskej-stiavnici-zasiahol-aj-priestory-znameho-antikvariatiku\/","title":{"rendered":"Ni\u010div\u00fd po\u017eiar v&nbsp;Banskej \u0160tiavnici zasiahol aj priestory zn\u00e1meho Antikvari\u00e1tiku"},"content":{"rendered":"<p><strong>Sobotn\u00fd <a href=\"https:\/\/literarnenoviny.sk\/servis\/v-banskej-stiavnici-hori-zazitkovy-dom-banka-lasky-venovany-sladkovicovej-marine\/\" rel=\"noopener\" target=\"_blank\">ni\u010div\u00fd \u017eivel v&nbsp;Banskej \u0160tiavnici<\/a> zasiahol aj priestory zn\u00e1meho <a href=\"https:\/\/www.antikvariatik.sk\/\" rel=\"noopener\" target=\"_blank\">Antikvari\u00e1tiku<\/a><\/strong> na&nbsp;N\u00e1mest\u00ed sv\u00e4tej Trojice. V\u010faka neuverite\u013enej s\u00fadr\u017enosti a&nbsp;odhodlaniu dobrovo\u013en\u00edkov a&nbsp;hasi\u010dov sa&nbsp;napokon podarilo z&nbsp;budovy vynosi\u0165 takmer v\u0161etky knihy a&nbsp;grafiky a&nbsp;zachr\u00e1ni\u0165 ich pred oh\u0148om a&nbsp;vodou.<\/p>\n<p>Zachr\u00e1nen\u00e9 knihy s\u00fa teraz ulo\u017een\u00e9 v&nbsp;externom sklade. Obchodn\u00e9 priestory v\u0161ak e\u0161te dlho nebud\u00fa schopn\u00e9 prev\u00e1dzky a&nbsp;h\u013ead\u00e1 sa&nbsp;n\u00e1hradne rie\u0161enie.<\/p>\n<p><center><div class=\"gca-utility vertical-spacer\"><\/div><iframe loading=\"lazy\" src=\"https:\/\/www.facebook.com\/plugins\/post.php?href=https%3A%2F%2Fwww.facebook.com%2Fantikvariatik%2Fposts%2Fpfbid02uC6X7V4sUXdh7DnMPaJ354UFSwpPKgHvQzKXaj1FP9wETUbm1GUQCrBiXh6MVqVKl&#038;width=460&#038;show_text=true&#038;appId=2424319851126972&#038;height=665\" width=\"460\" height=\"665\" style=\"border:none;overflow:hidden\" scrolling=\"no\" frameborder=\"0\" allowfullscreen=\"true\" allow=\"autoplay; clipboard-write; encrypted-media; picture-in-picture; web-share\"><\/iframe><div class=\"gca-utility vertical-spacer\"><\/div><\/center><\/p>\n<p><em>\u201eKe\u010f som do&nbsp;nezabezpe\u010den\u00e9ho objektu vst\u00fapil a&nbsp;sna\u017eil sa&nbsp;vynies\u0165 aspo\u0148 na\u0161e najvz\u00e1cnej\u0161ie kusy, ne\u010dakal som tu masu, ktor\u00e1 po&nbsp;chv\u00edli pri\u0161la a&nbsp;pom\u00e1hala. Podlamovali sa&nbsp;mi nohy nielen zo&nbsp;stresu, ale aj od&nbsp;dojatia, ke\u010f som si uvedomil, \u017ee&nbsp;to d\u00e1me,\u201c<\/em> nap\u00edsal na&nbsp;soci\u00e1lnej sieti majite\u013e Antikvari\u00e1tiku Tom\u00e1\u0161 Laz\u00e1r.<\/p>\n<p>Na margo iniciat\u00edv a&nbsp;<a href=\"https:\/\/www.donio.sk\/stiavnica\" rel=\"noopener\" target=\"_blank\">finan\u010dn\u00fdch zbierok<\/a>, ktor\u00e9 po&nbsp;po\u017eiari vznikli, uviedol, \u017ee&nbsp;ich s&nbsp;v\u010fakou odmietaj\u00fa. <em>\u201eNa\u0161i susedia a&nbsp;priatelia s\u00fa na&nbsp;tom hor\u0161ie a&nbsp;ur\u010dite vyu\u017eij\u00fa priame financie lep\u0161ie,\u201c<\/em> kon\u0161tatoval podnikate\u013e a&nbsp;po\u010fakoval sa&nbsp;v\u0161etk\u00fdm za&nbsp;pomoc.<\/p>\n<p>Pod\u013ea jeho slov, \u010ditatelia a&nbsp;z\u00e1kazn\u00edci <strong><a href=\"https:\/\/www.antikvariatik.sk\/\" rel=\"noopener\" target=\"_blank\">Antikvari\u00e1tiku<\/a><\/strong> najviac pom\u00f4\u017eu t\u00fdm, \u017ee&nbsp;v&nbsp;\u0148om bud\u00fa \u010falej kupova\u0165 knihy a&nbsp;tie\u017e ich pon\u00faka\u0165 na&nbsp;predaj <em>\u201e &#8211; lebo o&nbsp;tom je&nbsp;antikvari\u00e1t\u201c<\/em>. <em> \u201eAsi ich nestihneme posla\u0165 tak r\u00fdchlo ako oby\u010dajne, ale zvl\u00e1dneme to &#8211; je&nbsp;to na\u0161a rados\u0165 a&nbsp;pote\u0161enie,\u201c<\/em> nap\u00edsal Tom\u00e1\u0161 Laz\u00e1r.<\/p>\n<p style=\"text-align: right;\"><small>&mdash;&nbsp;<a href=\"https:\/\/www.facebook.com\/antikvariatik\/posts\/594138429408141\" target=\"_blank\" rel=\"noopener\">Antikvari\u00e1tik<\/a><\/small><\/p>\n<div class=\"gca-utility clearfix\"><\/div>\n<div class=\"gca-utility vertical-spacer\"><\/div>\n<p><center><span class=\"fullscreen\"><a href=\"\/\/www.martinus.sk\/?z=WLGC7F&#038;utm_source=z%3DWLGC7F&#038;utm_medium=banner1_468x60&#038;utm_campaign=partner\"><img decoding=\"async\" src=\"\/\/www.martinus.sk\/images\/banners\/468x60_red.jpg\" alt=\"www.martinus.sk\" \/><\/a><\/span><\/center><\/p>\n","protected":false},"excerpt":{"rendered":"<p>Sobotn\u00fd ni\u010div\u00fd \u017eivel v&nbsp;Banskej \u0160tiavnici zasiahol aj priestory zn\u00e1meho Antikvari\u00e1tiku na&nbsp;N\u00e1mest\u00ed sv\u00e4tej Trojice. V\u010faka neuverite\u013enej s\u00fadr\u017enosti a&nbsp;odhodlaniu dobrovo\u013en\u00edkov a&nbsp;hasi\u010dov sa&nbsp;napokon podarilo z&nbsp;budovy vynosi\u0165 takmer v\u0161etky knihy a&nbsp;grafiky a&nbsp;zachr\u00e1ni\u0165 ich pred oh\u0148om a&nbsp;vodou. <a href=\"https:\/\/literarnenoviny.sk\/servis\/nicivy-poziar-v-banskej-stiavnici-zasiahol-aj-priestory-znameho-antikvariatiku\/\" class=\"more-link\">Cel\u00e1 spr\u00e1va <span class=\"meta-nav\">&rarr;<\/span><\/a><\/p>\n","protected":false},"author":2,"featured_media":0,"comment_status":"closed","ping_status":"closed","sticky":false,"template":"","format":"standard","meta":{"_links_to":"","_links_to_target":""},"categories":[1],"tags":[24],"_links":{"self":[{"href":"https:\/\/literarnenoviny.sk\/servis\/wp-json\/wp\/v2\/posts\/22537"}],"collection":[{"href":"https:\/\/literarnenoviny.sk\/servis\/wp-json\/wp\/v2\/posts"}],"about":[{"href":"https:\/\/literarnenoviny.sk\/servis\/wp-json\/wp\/v2\/types\/post"}],"author":[{"embeddable":true,"href":"https:\/\/literarnenoviny.sk\/servis\/wp-json\/wp\/v2\/users\/2"}],"replies":[{"embeddable":true,"href":"https:\/\/literarnenoviny.sk\/servis\/wp-json\/wp\/v2\/comments?post=22537"}],"version-history":[{"count":0,"href":"https:\/\/literarnenoviny.sk\/servis\/wp-json\/wp\/v2\/posts\/22537\/revisions"}],"wp:attachment":[{"href":"https:\/\/literarnenoviny.sk\/servis\/wp-json\/wp\/v2\/media?parent=22537"}],"wp:term":[{"taxonomy":"category","embeddable":true,"href":"https:\/\/literarnenoviny.sk\/servis\/wp-json\/wp\/v2\/categories?post=22537"},{"taxonomy":"post_tag","embeddable":true,"href":"https:\/\/literarnenoviny.sk\/servis\/wp-json\/wp\/v2\/tags?post=22537"}],"curies":[{"name":"wp","href":"https:\/\/api.w.org\/{rel}","templated":true}]}}