{"id":22453,"date":"2023-03-12T10:00:59","date_gmt":"2023-03-12T09:00:59","guid":{"rendered":"https:\/\/literarnenoviny.sk\/servis\/?p=22453"},"modified":"2023-03-18T19:30:32","modified_gmt":"2023-03-18T18:30:32","slug":"ukrajinsku-sevcenkovu-cenu-ziskali-literati-kateryna-kalytkova-a-mychajlo-nazarenko","status":"publish","type":"post","link":"https:\/\/literarnenoviny.sk\/servis\/ukrajinsku-sevcenkovu-cenu-ziskali-literati-kateryna-kalytkova-a-mychajlo-nazarenko\/","title":{"rendered":"Ukrajinsk\u00fa \u0160ev\u010denkovu cenu z\u00edskali liter\u00e1ti Kateryna Kalytkov\u00e1 a&nbsp;Mychajlo Nazarenko"},"content":{"rendered":"<p><strong>Tohtoro\u010dn\u00fdmi laure\u00e1tmi prest\u00ed\u017enej <a href=\"https:\/\/uk.wikipedia.org\/wiki\/\u041d\u0430\u0446\u0456\u043e\u043d\u0430\u043b\u044c\u043d\u0430_\u043f\u0440\u0435\u043c\u0456\u044f_\u0423\u043a\u0440\u0430\u0457\u043d\u0438_\u0456\u043c\u0435\u043d\u0456_\u0422\u0430\u0440\u0430\u0441\u0430_\u0428\u0435\u0432\u0447\u0435\u043d\u043a\u0430\" rel=\"noopener\" target=\"_blank\">N\u00e1rodnej ceny Ukrajiny Tarasa \u0160ev\u010denka<\/a> za&nbsp;literat\u00faru sa&nbsp;stali poetka <a href=\"https:\/\/uk.wikipedia.org\/wiki\/\u041a\u0430\u043b\u0438\u0442\u043a\u043e_\u041a\u0430\u0442\u0435\u0440\u0438\u043d\u0430_\u041e\u043b\u0435\u043a\u0441\u0430\u043d\u0434\u0440\u0456\u0432\u043d\u0430\" rel=\"noopener\" target=\"_blank\">Kateryna Kalytkov\u00e1<\/a> a&nbsp;liter\u00e1rny kritik <a href=\"https:\/\/uk.wikipedia.org\/wiki\/\u041d\u0430\u0437\u0430\u0440\u0435\u043d\u043a\u043e_\u041c\u0438\u0445\u0430\u0439\u043b\u043e_\u0419\u043e\u0441\u0438\u043f\u043e\u0432\u0438\u0447\" rel=\"noopener\" target=\"_blank\">Mychajlo Nazarenko<\/a><\/strong>. Ocenenie je&nbsp;najvy\u0161\u0161\u00edm tvoriv\u00fdm vyznamenan\u00edm v&nbsp;krajine a&nbsp;ude\u013euje sa&nbsp;9.&nbsp;marca, pri v\u00fdro\u010d\u00ed narodenia b\u00e1snika <a href=\"https:\/\/sk.wikipedia.org\/wiki\/Taras_Hryhorovy\u010d_\u0160ev\u010denko\" rel=\"noopener\" target=\"_blank\">Tarasa \u0160ev\u010denka<\/a>.<\/p>\n<p>N\u00e1rodn\u00e1 \u0160ev\u010denkova cena za&nbsp;v\u00fdznamn\u00fd pr\u00ednos k&nbsp;rozvoju kult\u00fary a&nbsp;umenia sa&nbsp;na&nbsp;Ukrajine pravidelne ude\u013euje od&nbsp;roku 1961.<\/p>\n<p><center><div class=\"gca-utility vertical-spacer\"><\/div>\n<blockquote class=\"twitter-tweet\">\n<p lang=\"uk\" dir=\"ltr\">\u0423 \u0447\u0430\u0441\u0442\u0438\u043d\u0456 \u043d\u043e\u043c\u0456\u043d\u0430\u0446\u0456\u0439. \u041b\u0430\u0443\u0440\u0435\u0430\u0442\u0456\u0432 \u0428\u0435\u0432\u0447\u0435\u043d\u043a\u0456\u0432\u0441\u044c\u043a\u043e\u0457 \u043f\u0440\u0435\u043c\u0456\u0457 2023 \u0440\u043e\u043a\u0443 \u0432\u0441\u0435-\u0442\u0430\u043a\u0438 \u043e\u0433\u043e\u043b\u043e\u0441\u0438\u043b\u0438 <a href=\"https:\/\/t.co\/EplrGlQvXD\">https:\/\/t.co\/EplrGlQvXD<\/a> <a href=\"https:\/\/t.co\/NtOEI2bmDE\">pic.twitter.com\/NtOEI2bmDE<\/a><\/p>\n<p>&mdash; \u0423\u041f.\u0416\u0438\u0442\u0442\u044f (@UPZhyttya) <a href=\"https:\/\/twitter.com\/UPZhyttya\/status\/1634815170601185281?ref_src=twsrc%5Etfw\">March 12, 2023<\/a><\/p><\/blockquote>\n<p> <script async src=\"https:\/\/platform.twitter.com\/widgets.js\" charset=\"utf-8\"><\/script><div class=\"gca-utility vertical-spacer\"><\/div><\/center><\/p>\n<p>Ukrajinsk\u00e1 poetka Kateryna Oleksandrivna Kalytkov\u00e1 ocenenie z\u00edskala za&nbsp;b\u00e1snick\u00fa knihu <em><strong><a href=\"https:\/\/www.yakaboo.ua\/ua\/orden-movchal-nic.html\" rel=\"noopener\" target=\"_blank\">R\u00e1d ml\u010danliv\u00fdch<\/a><\/strong> (\u041e\u0440\u0434\u0435\u043d \u043c\u043e\u0432\u0447\u0430\u043b\u044c\u043d\u0438\u0446\u044c, 2021)<\/em> a&nbsp;liter\u00e1rny kritik Mychajlo Josypovy\u010d Nazarenko za&nbsp;antol\u00f3giu ukrajinskej literat\u00fary z&nbsp;rokov 1792 a\u017e 1883 <em><strong><a href=\"https:\/\/www.yakaboo.ua\/ua\/krim-kobzarja-antologija-ukrains-koi-literaturi-1792-1883-roki-chastina-1.html\" rel=\"noopener\" target=\"_blank\">Okrem Kobzara<\/a><\/strong> (\u041a\u0440\u0456\u043c \u041a\u043e\u0431\u0437\u0430\u0440\u044f, 2021)<\/em>.<\/p>\n<p>Okrem ocenen\u00ed za&nbsp;literat\u00faru a&nbsp;umenovedu odborn\u00e1 porota predlo\u017eila ukrajinsk\u00e9mu prezidentovi <a href=\"https:\/\/sk.wikipedia.org\/wiki\/Volodymyr_Oleksandrovy\u010d_Zelenskyj\" rel=\"noopener\" target=\"_blank\">Volodymyrovi Zelensk\u00e9mu<\/a> aj n\u00e1vrhy na&nbsp;n\u00e1rodn\u00e9 ocenenia za&nbsp;hudobn\u00e9, divadeln\u00e9 a&nbsp;v\u00fdtvarn\u00e9 umenie, kinematografiu a&nbsp;za&nbsp;publicistiku a&nbsp;\u017eurnalistiku. <\/p>\n<p>Hlava \u0161t\u00e1tu laure\u00e1tov ka\u017edoro\u010dne menuje prezidentsk\u00fdm dekr\u00e9tom.<\/p>\n<p style=\"text-align: right;\"><small>&mdash;&nbsp;<a href=\"https:\/\/shevchenko.org\/\" target=\"_blank\" rel=\"noopener\">Shevchenko Scientific Society<\/a> a&nbsp;<a href=\"https:\/\/www.pravda.com.ua\/news\/2023\/03\/11\/7393016\/\" target=\"_blank\" rel=\"noopener\">\u0423\u043a\u0440\u0430\u0457\u043d\u0441\u044c\u043a\u0430 \u043f\u0440\u0430\u0432\u0434\u0430 \/ \u0416\u0438\u0442\u0442\u044f<\/a><\/small><\/p>\n<div class=\"gca-utility clearfix\"><\/div>\n<div class=\"gca-utility vertical-spacer\"><\/div>\n<p><center><span class=\"fullscreen\"><a href=\"\/\/www.martinus.sk\/?z=WLGC7F&#038;utm_source=z%3DWLGC7F&#038;utm_medium=banner1_468x60&#038;utm_campaign=partner\"><img decoding=\"async\" src=\"\/\/www.martinus.sk\/images\/banners\/468x60_red.jpg\" alt=\"www.martinus.sk\" \/><\/a><\/span><\/center><\/p>\n","protected":false},"excerpt":{"rendered":"<p>Tohtoro\u010dn\u00fdmi laure\u00e1tmi prest\u00ed\u017enej N\u00e1rodnej ceny Ukrajiny Tarasa \u0160ev\u010denka za&nbsp;literat\u00faru sa&nbsp;stali poetka Kateryna Kalytkov\u00e1 a&nbsp;liter\u00e1rny kritik Mychajlo Nazarenko. Ocenenie je&nbsp;najvy\u0161\u0161\u00edm tvoriv\u00fdm ukrajinsk\u00fdm vyznamenan\u00edm a&nbsp;ude\u013euje sa&nbsp;9.&nbsp;marca, pri v\u00fdro\u010d\u00ed narodenia b\u00e1snika Tarasa \u0160ev\u010denka. <a href=\"https:\/\/literarnenoviny.sk\/servis\/ukrajinsku-sevcenkovu-cenu-ziskali-literati-kateryna-kalytkova-a-mychajlo-nazarenko\/\" class=\"more-link\">Cel\u00e1 spr\u00e1va <span class=\"meta-nav\">&rarr;<\/span><\/a><\/p>\n","protected":false},"author":2,"featured_media":0,"comment_status":"closed","ping_status":"closed","sticky":false,"template":"","format":"standard","meta":{"_links_to":"","_links_to_target":""},"categories":[1],"tags":[],"_links":{"self":[{"href":"https:\/\/literarnenoviny.sk\/servis\/wp-json\/wp\/v2\/posts\/22453"}],"collection":[{"href":"https:\/\/literarnenoviny.sk\/servis\/wp-json\/wp\/v2\/posts"}],"about":[{"href":"https:\/\/literarnenoviny.sk\/servis\/wp-json\/wp\/v2\/types\/post"}],"author":[{"embeddable":true,"href":"https:\/\/literarnenoviny.sk\/servis\/wp-json\/wp\/v2\/users\/2"}],"replies":[{"embeddable":true,"href":"https:\/\/literarnenoviny.sk\/servis\/wp-json\/wp\/v2\/comments?post=22453"}],"version-history":[{"count":0,"href":"https:\/\/literarnenoviny.sk\/servis\/wp-json\/wp\/v2\/posts\/22453\/revisions"}],"wp:attachment":[{"href":"https:\/\/literarnenoviny.sk\/servis\/wp-json\/wp\/v2\/media?parent=22453"}],"wp:term":[{"taxonomy":"category","embeddable":true,"href":"https:\/\/literarnenoviny.sk\/servis\/wp-json\/wp\/v2\/categories?post=22453"},{"taxonomy":"post_tag","embeddable":true,"href":"https:\/\/literarnenoviny.sk\/servis\/wp-json\/wp\/v2\/tags?post=22453"}],"curies":[{"name":"wp","href":"https:\/\/api.w.org\/{rel}","templated":true}]}}