{"id":2235,"date":"2018-03-13T17:10:24","date_gmt":"2018-03-13T16:10:24","guid":{"rendered":"https:\/\/literarnenoviny.sk\/servis\/?p=2235"},"modified":"2018-03-13T21:11:08","modified_gmt":"2018-03-13T20:11:08","slug":"cenu-dominika-tatarku-ziskali-martin-m-simecka-autori-knihy-zalmy-51-75","status":"publish","type":"post","link":"https:\/\/literarnenoviny.sk\/servis\/cenu-dominika-tatarku-ziskali-martin-m-simecka-autori-knihy-zalmy-51-75\/","title":{"rendered":"Cenu Dominika Tatarku z\u00edskali Martin M. \u0160ime\u010dka a&nbsp;autori knihy \u017dalmy 51-75"},"content":{"rendered":"<p><strong>Porota <a href=\"https:\/\/sk.wikipedia.org\/wiki\/Cena_Dominika_Tatarku\" rel=\"noopener\" target=\"_blank\">Ceny Dominika Tatarku<\/a> rozhodla, \u017ee&nbsp;tohtoro\u010dn\u00fdmi laure\u00e1tmi sa&nbsp;stan\u00fa novin\u00e1r Martin Milan \u0160ime\u010dka<\/strong> za&nbsp;titul Medzi Slov\u00e1kmi <strong>a t\u00edm autorov veden\u00fd editorom Milo\u0161om Lichnerom<\/strong>, ktor\u00fd pripravil knihu \u017dalmy 51-75. <\/p>\n<p><center><\/p>\n<blockquote class=\"twitter-tweet\" data-lang=\"sk\">\n<p lang=\"en\" dir=\"ltr\">RT <a href=\"https:\/\/twitter.com\/tyzden?ref_src=twsrc%5Etfw\">@tyzden<\/a>: Martin Milan Simecka <a href=\"https:\/\/twitter.com\/hashtag\/laureate?src=hash&amp;ref_src=twsrc%5Etfw\">#laureate<\/a> of <a href=\"https:\/\/twitter.com\/hashtag\/Dominik?src=hash&amp;ref_src=twsrc%5Etfw\">#Dominik<\/a> <a href=\"https:\/\/twitter.com\/hashtag\/Tatarka?src=hash&amp;ref_src=twsrc%5Etfw\">#Tatarka<\/a> <a href=\"https:\/\/twitter.com\/hashtag\/Literature?src=hash&amp;ref_src=twsrc%5Etfw\">#Literature<\/a> <a href=\"https:\/\/twitter.com\/hashtag\/Award?src=hash&amp;ref_src=twsrc%5Etfw\">#Award<\/a> <a href=\"https:\/\/twitter.com\/hashtag\/Conservative?src=hash&amp;ref_src=twsrc%5Etfw\">#Conservative<\/a> <a href=\"https:\/\/twitter.com\/hashtag\/Institute?src=hash&amp;ref_src=twsrc%5Etfw\">#Institute<\/a> <a href=\"https:\/\/twitter.com\/dennikN?ref_src=twsrc%5Etfw\">@dennikN<\/a> <a href=\"https:\/\/twitter.com\/hashtag\/editorial?src=hash&amp;ref_src=twsrc%5Etfw\">#editorial<\/a> <a href=\"https:\/\/twitter.com\/hashtag\/board?src=hash&amp;ref_src=twsrc%5Etfw\">#board<\/a> <a href=\"https:\/\/twitter.com\/hashtag\/chairman?src=hash&amp;ref_src=twsrc%5Etfw\">#chairman<\/a> <a href=\"https:\/\/twitter.com\/hashtag\/writer?src=hash&amp;ref_src=twsrc%5Etfw\">#writer<\/a> <a href=\"https:\/\/twitter.com\/hashtag\/journalist?src=hash&amp;ref_src=twsrc%5Etfw\">#journalist<\/a> <a href=\"https:\/\/twitter.com\/hashtag\/Palfi?src=hash&amp;ref_src=twsrc%5Etfw\">#Palfi<\/a> <a href=\"https:\/\/twitter.com\/hashtag\/Palace?src=hash&amp;ref_src=twsrc%5Etfw\">#Palace<\/a> <a href=\"https:\/\/twitter.com\/hashtag\/Bratislava?src=hash&amp;ref_src=twsrc%5Etfw\">#Bratislava<\/a> <a href=\"https:\/\/twitter.com\/hashtag\/Pressburg?src=hash&amp;ref_src=twsrc%5Etfw\">#Pressburg<\/a> <a href=\"https:\/\/twitter.com\/hashtag\/culture?src=hash&amp;ref_src=twsrc%5Etfw\">#culture<\/a> <a href=\"https:\/\/twitter.com\/hashtag\/GoodIdeaSlovakia?src=hash&amp;ref_src=twsrc%5Etfw\">#GoodIdeaSlovakia<\/a> <a href=\"https:\/\/t.co\/yVNV3X0v4o\">pic.twitter.com\/yVNV3X0v4o<\/a><\/p>\n<p>&mdash; Vladimir Vano (@vladimirvano) <a href=\"https:\/\/twitter.com\/vladimirvano\/status\/973602805759074304?ref_src=twsrc%5Etfw\">13.&nbsp;marca 2018<\/a><\/p><\/blockquote>\n<p><script async src=\"https:\/\/platform.twitter.com\/widgets.js\" charset=\"utf-8\"><\/script><\/center><\/p>\n<p>Cena Dominika Tatarku je&nbsp;pova\u017eovan\u00e1 za&nbsp;jedno z&nbsp;najprest\u00ed\u017enej\u0161\u00edch slovensk\u00fdch kult\u00farnych a&nbsp;liter\u00e1rnych ocenen\u00ed a&nbsp;je&nbsp;ur\u010den\u00e1 autorovi za&nbsp;v\u00fdnimo\u010dn\u00e9 dielo, ktor\u00e9 nap\u013a\u0148a humanistick\u00e9 trad\u00edcie slovenskej kult\u00fary a&nbsp;v&nbsp;tomto zmysle nadv\u00e4zuje na&nbsp;duchovn\u00fd odkaz Dominika Tatarku. <\/p>\n<p>Cena sa&nbsp;ude\u013euje od&nbsp;roku 1995, v\u017edy za&nbsp;knihu, ktor\u00e1 vy\u0161la v&nbsp;predch\u00e1dzaj\u00facom roku.<\/p>\n<p style=\"text-align: right;\"><small><a href=\"http:\/\/www.konzervativizmus.sk\/article.php?6176\" target=\"_blank\" rel=\"noopener\">Konzervat\u00edvny in\u0161tit\u00fat M. R. \u0160tef\u00e1nika<\/a><\/small><\/p>\n","protected":false},"excerpt":{"rendered":"<p>Porota Ceny Dominika Tatarku rozhodla, \u017ee&nbsp;tohtoro\u010dn\u00fdmi laure\u00e1tmi sa&nbsp;stan\u00fa novin\u00e1r Martin Milan \u0160ime\u010dka za&nbsp;titul Medzi Slov\u00e1kmi a&nbsp;t\u00edm tvorcov veden\u00fd editorom Milo\u0161om Lichnerom, ktor\u00fd pripravil dielo \u017dalmy 51-75.  <a href=\"https:\/\/literarnenoviny.sk\/servis\/cenu-dominika-tatarku-ziskali-martin-m-simecka-autori-knihy-zalmy-51-75\/\" class=\"more-link\">Cel\u00e1 spr\u00e1va <span class=\"meta-nav\">&rarr;<\/span><\/a><\/p>\n","protected":false},"author":2,"featured_media":0,"comment_status":"closed","ping_status":"closed","sticky":false,"template":"","format":"standard","meta":{"_links_to":"","_links_to_target":""},"categories":[1],"tags":[14,3,21],"_links":{"self":[{"href":"https:\/\/literarnenoviny.sk\/servis\/wp-json\/wp\/v2\/posts\/2235"}],"collection":[{"href":"https:\/\/literarnenoviny.sk\/servis\/wp-json\/wp\/v2\/posts"}],"about":[{"href":"https:\/\/literarnenoviny.sk\/servis\/wp-json\/wp\/v2\/types\/post"}],"author":[{"embeddable":true,"href":"https:\/\/literarnenoviny.sk\/servis\/wp-json\/wp\/v2\/users\/2"}],"replies":[{"embeddable":true,"href":"https:\/\/literarnenoviny.sk\/servis\/wp-json\/wp\/v2\/comments?post=2235"}],"version-history":[{"count":0,"href":"https:\/\/literarnenoviny.sk\/servis\/wp-json\/wp\/v2\/posts\/2235\/revisions"}],"wp:attachment":[{"href":"https:\/\/literarnenoviny.sk\/servis\/wp-json\/wp\/v2\/media?parent=2235"}],"wp:term":[{"taxonomy":"category","embeddable":true,"href":"https:\/\/literarnenoviny.sk\/servis\/wp-json\/wp\/v2\/categories?post=2235"},{"taxonomy":"post_tag","embeddable":true,"href":"https:\/\/literarnenoviny.sk\/servis\/wp-json\/wp\/v2\/tags?post=2235"}],"curies":[{"name":"wp","href":"https:\/\/api.w.org\/{rel}","templated":true}]}}