{"id":2218,"date":"2018-03-09T11:55:03","date_gmt":"2018-03-09T10:55:03","guid":{"rendered":"https:\/\/literarnenoviny.sk\/servis\/?p=2218"},"modified":"2018-03-22T09:05:59","modified_gmt":"2018-03-22T08:05:59","slug":"zhromazdenia-za-vladu-bez-prepojenia-na-organizovany-zlocin-budu-po-celej-krajine","status":"publish","type":"post","link":"https:\/\/literarnenoviny.sk\/servis\/zhromazdenia-za-vladu-bez-prepojenia-na-organizovany-zlocin-budu-po-celej-krajine\/","title":{"rendered":"Zhroma\u017edenia za&nbsp;vl\u00e1du bez prepojenia na&nbsp;organizovan\u00fd zlo\u010din bud\u00fa po&nbsp;celej krajine"},"content":{"rendered":"<p><strong>Zhroma\u017edenia za&nbsp;vl\u00e1du bez prepojenia na&nbsp;organizovan\u00fd zlo\u010din sa&nbsp;bud\u00fa kona\u0165 v&nbsp;mest\u00e1ch po&nbsp;celom Slovensku aj v&nbsp;zahrani\u010d\u00ed<\/strong>. Ob\u010dania po\u017eaduj\u00fa d\u00f4kladn\u00e9 a&nbsp;nez\u00e1visl\u00e9 vy\u0161etrenie vra\u017edy J\u00e1na Kuciaka a&nbsp;Martiny Ku\u0161n\u00edrovej za&nbsp;spolu\u00fa\u010dasti medzin\u00e1rodn\u00fdch vy\u0161etrovate\u013eov. <\/p>\n<p><center><iframe loading=\"lazy\" src=\"https:\/\/www.facebook.com\/plugins\/post.php?href=https%3A%2F%2Fwww.facebook.com%2Fliterarnenoviny%2Fposts%2F1978050715780561&#038;width=500\" width=\"500\" height=\"494\" style=\"border:none;overflow:hidden\" scrolling=\"no\" frameborder=\"0\" allowTransparency=\"true\"><\/iframe><\/center>  <\/p>\n<p><strong>Nem\u00fd\u013ete si na\u0161u slu\u0161nos\u0165 s&nbsp;nedostatkom odhodlania a&nbsp;vytrvalosti<\/strong>.<\/p>\n<p style=\"text-align: right;\"><small><a href=\"https:\/\/www.facebook.com\/events\/170242843621286\/\" target=\"_blank\" rel=\"noopener\">Postavme sa&nbsp;za&nbsp;slu\u0161n\u00e9 Slovensko<\/a><\/small><\/p>\n","protected":false},"excerpt":{"rendered":"<p>Zhroma\u017edenia za&nbsp;vl\u00e1du bez prepojenia na&nbsp;organizovan\u00fd zlo\u010din sa&nbsp;bud\u00fa kona\u0165 v&nbsp;mest\u00e1ch po&nbsp;celom Slovensku aj v&nbsp;zahrani\u010d\u00ed. Ob\u010dania po\u017eaduj\u00fa d\u00f4kladn\u00e9 a&nbsp;nez\u00e1visl\u00e9 vy\u0161etrenie vra\u017edy J\u00e1na Kuciaka a&nbsp;Martiny Ku\u0161n\u00edrovej za&nbsp;spolu\u00fa\u010dasti medzin\u00e1rodn\u00fdch vy\u0161etrovate\u013eov. <a href=\"https:\/\/literarnenoviny.sk\/servis\/zhromazdenia-za-vladu-bez-prepojenia-na-organizovany-zlocin-budu-po-celej-krajine\/\" class=\"more-link\">Cel\u00e1 spr\u00e1va <span class=\"meta-nav\">&rarr;<\/span><\/a><\/p>\n","protected":false},"author":2,"featured_media":0,"comment_status":"closed","ping_status":"closed","sticky":false,"template":"","format":"standard","meta":{"_links_to":"","_links_to_target":""},"categories":[1],"tags":[3,23,27],"_links":{"self":[{"href":"https:\/\/literarnenoviny.sk\/servis\/wp-json\/wp\/v2\/posts\/2218"}],"collection":[{"href":"https:\/\/literarnenoviny.sk\/servis\/wp-json\/wp\/v2\/posts"}],"about":[{"href":"https:\/\/literarnenoviny.sk\/servis\/wp-json\/wp\/v2\/types\/post"}],"author":[{"embeddable":true,"href":"https:\/\/literarnenoviny.sk\/servis\/wp-json\/wp\/v2\/users\/2"}],"replies":[{"embeddable":true,"href":"https:\/\/literarnenoviny.sk\/servis\/wp-json\/wp\/v2\/comments?post=2218"}],"version-history":[{"count":0,"href":"https:\/\/literarnenoviny.sk\/servis\/wp-json\/wp\/v2\/posts\/2218\/revisions"}],"wp:attachment":[{"href":"https:\/\/literarnenoviny.sk\/servis\/wp-json\/wp\/v2\/media?parent=2218"}],"wp:term":[{"taxonomy":"category","embeddable":true,"href":"https:\/\/literarnenoviny.sk\/servis\/wp-json\/wp\/v2\/categories?post=2218"},{"taxonomy":"post_tag","embeddable":true,"href":"https:\/\/literarnenoviny.sk\/servis\/wp-json\/wp\/v2\/tags?post=2218"}],"curies":[{"name":"wp","href":"https:\/\/api.w.org\/{rel}","templated":true}]}}